{"id":40156,"date":"2026-01-20T08:47:45","date_gmt":"2026-01-20T07:47:45","guid":{"rendered":"https:\/\/www.alperia.eu\/?p=40156"},"modified":"2026-01-20T10:02:27","modified_gmt":"2026-01-20T09:02:27","slug":"der-neue-sitz-von-alperia-in-meran-energieeffizienz-und-qualitat-der-arbeitsbereiche","status":"publish","type":"post","link":"https:\/\/www.alperia.eu\/de\/der-neue-sitz-von-alperia-in-meran-energieeffizienz-und-qualitat-der-arbeitsbereiche\/","title":{"rendered":"Der neue Sitz von Alperia in Meran: Energieeffizienz und Qualit\u00e4t der Arbeitsbereiche"},"content":{"rendered":"\t\t<div data-elementor-type=\"wp-post\" data-elementor-id=\"40156\" class=\"elementor elementor-40156 elementor-40122\" data-elementor-post-type=\"post\">\n\t\t\t\t<div class=\"elementor-element elementor-element-542b1686 e-flex e-con-boxed e-con e-parent\" data-id=\"542b1686\" data-element_type=\"container\">\n\t\t\t\t\t<div class=\"e-con-inner\">\n\t\t\t\t<div class=\"elementor-element elementor-element-ddb36b7 elementor-widget elementor-widget-text-editor\" data-id=\"ddb36b7\" data-element_type=\"widget\" data-widget_type=\"text-editor.default\">\n\t\t\t\t<div class=\"elementor-widget-container\">\n\t\t\t\t\t\t\t\t\t<p>Die Planung zeitgen\u00f6ssischer Geb\u00e4ude betrifft heute nicht mehr nur Architektur oder Technologie, sondern auch die Verantwortung gegen\u00fcber der Umwelt und den Menschen.<\/p><p>Das wachsende Bewusstsein f\u00fcr Nachhaltigkeit, Wohlbefinden am Arbeitsplatz und einen verantwortungsvollen Umgang mit Ressourcen r\u00fcckt die Integration von Energieeffizienz, Komfort und Raumqualit\u00e4t immer st\u00e4rker in den Mittelpunkt.<\/p><p>Der neue Sitz von Alperia in Meran wurde nach genau diesem Ansatz konzipiert: Ein Geb\u00e4ude, das darauf ausgelegt ist, die Umweltbelastung zu reduzieren, die Gesundheit und Produktivit\u00e4t der Menschen zu f\u00f6rdern und seine Leistungen langfristig messbar und steuerbar zu machen \u2013 gem\u00e4\u00df den Protokollen von KlimaHaus und den LEED-Anforderungen. So wird der neue Sitz zu einem konkreten Beispiel daf\u00fcr, wie \u00f6kologische Nachhaltigkeit sowie soziale und unternehmerische Verantwortung in einem einzigen Projekt vereint werden und zur Stadtentwicklung und zum Wohlbefinden des Territoriums beitragen k\u00f6nnen.<\/p><p>Der Geb\u00e4udekomplex befindet sich s\u00fcdlich der Meraner Altstadt in einem Gebiet, das derzeit einen umfassenden urbanen Umgestaltungsprozess durchl\u00e4uft. Eingebettet in das Areal der ehemaligen Kasernen tr\u00e4gt der neue Alperia-Edyna-Campus zur Aufwertung des Gebiets bei, indem Gr\u00fcnfl\u00e4chen, Fu\u00dfg\u00e4ngerverbindungen und Zug\u00e4nglichkeit gef\u00f6rdert werden. Die N\u00e4he zum Bahnhof Meran-Untermais und zu den wichtigsten Verkehrsverbindungen f\u00f6rdert die Nutzung \u00f6ffentlicher Verkehrsmittel und eine nachhaltigere Mobilit\u00e4t.<\/p><h2>Eine hochleistungsf\u00e4hige Geb\u00e4udeh\u00fclle<\/h2><p>Die Energieeffizienz des Geb\u00e4udes beginnt bei der Geb\u00e4udeh\u00fclle: W\u00e4nde, D\u00e4cher und Fenster sind so konzipiert, dass sie D\u00e4mmwerte erreichen, die \u00fcber den gesetzlichen Vorgaben und den KlimaHaus-Standards liegen. Dadurch werden W\u00e4rmeverluste deutlich reduziert und Kondensationsbildung vermieden, was ein stabiles Raumklima sowie einen hohen Komfort und eine lange Lebensdauer des Geb\u00e4udes gew\u00e4hrleistet.<\/p><p>Um eine \u00dcberhitzung im Sommer zu vermeiden, sind die vertikalen Glasfl\u00e4chen mit au\u00dfen angebrachten Sonnenschutzsystemen ausgestattet, w\u00e4hrend bei den horizontalen Verglasungen Sonnenschutzglas zum Einsatz kommt. Dieses reduziert den W\u00e4rmeeintrag und gew\u00e4hrleistet gleichzeitig ausreichend Tageslicht.<\/p>\t\t\t\t\t\t\t\t<\/div>\n\t\t\t\t<\/div>\n\t\t\t\t<div class=\"elementor-element elementor-element-c4f4a48 elementor-widget elementor-widget-image\" data-id=\"c4f4a48\" data-element_type=\"widget\" data-widget_type=\"image.default\">\n\t\t\t\t<div class=\"elementor-widget-container\">\n\t\t\t\t\t\t\t\t\t\t\t\t\t\t\t<img fetchpriority=\"high\" decoding=\"async\" width=\"800\" height=\"560\" src=\"https:\/\/www.alperia.eu\/wp-content\/uploads\/2026\/01\/Merano-1024x717.jpg\" class=\"attachment-large size-large wp-image-40126\" alt=\"Sede Alperia Merano\" srcset=\"https:\/\/www.alperia.eu\/wp-content\/uploads\/2026\/01\/Merano-1024x717.jpg 1024w, https:\/\/www.alperia.eu\/wp-content\/uploads\/2026\/01\/Merano-300x210.jpg 300w, https:\/\/www.alperia.eu\/wp-content\/uploads\/2026\/01\/Merano-768x537.jpg 768w, https:\/\/www.alperia.eu\/wp-content\/uploads\/2026\/01\/Merano-1536x1075.jpg 1536w, https:\/\/www.alperia.eu\/wp-content\/uploads\/2026\/01\/Merano.jpg 1842w\" sizes=\"(max-width: 800px) 100vw, 800px\" \/>\t\t\t\t\t\t\t\t\t\t\t\t\t\t\t<\/div>\n\t\t\t\t<\/div>\n\t\t\t\t<div class=\"elementor-element elementor-element-4bbd367 elementor-widget elementor-widget-text-editor\" data-id=\"4bbd367\" data-element_type=\"widget\" data-widget_type=\"text-editor.default\">\n\t\t\t\t<div class=\"elementor-widget-container\">\n\t\t\t\t\t\t\t\t\t<h2>Energieeffizienz und erneuerbare Energiequellen<\/h2><p>Die Beheizung des Geb\u00e4udes erfolgt \u00fcber die Fernw\u00e4rme der Stadt Meran \u2013 eine effiziente L\u00f6sung, die die Emissionen aus der W\u00e4rmeerzeugung reduziert und den Anforderungen von LEED und KlimaHaus entspricht. F\u00fcr die K\u00fchlung im Sommer kommen Absorptionsk\u00e4ltemaschinen zum Einsatz, die ebenfalls mit Fernw\u00e4rme betrieben werden und den Stromverbrauch in Zeiten hoher Nachfrage begrenzen.<\/p><p>Zur Deckung eines Teils des Strombedarfs und zur Erh\u00f6hung der energetischen Eigenst\u00e4ndigkeit wurde zudem eine Photovoltaikanlage mit zwei Teilfeldern installiert, eines davon auf dem Dach des Alperia Towers. Die Gesamtleistung betr\u00e4gt rund 70 kW.<\/p><h2>Thermischer Komfort und Raumluftqualit\u00e4t<\/h2><p>Die Arbeitsbereiche werden \u00fcberwiegend \u00fcber Decken- und Fu\u00dfbodensysteme klimatisiert, die eine gleichm\u00e4\u00dfige Temperaturverteilung und einen nat\u00fcrlicheren Komfort als herk\u00f6mmliche Systeme erm\u00f6glichen. Gebl\u00e4sekonvektoren kommen nur bei Lastspitzen zum Einsatz und tragen so zur Optimierung des Energieverbrauchs bei.<\/p><p>Die Raumluftqualit\u00e4t wird durch eine kontrollierte mechanische L\u00fcftung mit W\u00e4rmer\u00fcckgewinnung und hocheffizienter Filterung gew\u00e4hrleistet. In st\u00e4rker frequentierten Bereichen wie in den Konferenzr\u00e4umen und im Bistro regeln CO\u2082-Sensoren automatisch den Luftaustausch entsprechend der tats\u00e4chlichen Anwesenheit von Personen \u2013 f\u00fcr mehr Wohlbefinden und weniger Energieverlust.<\/p><h2>Beleuchtung und visuelles Wohlbefinden<\/h2><p>Das Beleuchtungskonzept ist auf visuellen Komfort und flexible Nutzung ausgelegt: dimmbare LED-Systeme passen die Lichtintensit\u00e4t an unterschiedliche T\u00e4tigkeiten und an das verf\u00fcgbare Tageslicht an. So wird die Blendung wirksam reduziert und eine hohe Lichtqualit\u00e4t gew\u00e4hrleistet. Besonderes Augenmerk wurde auf das circadiane Licht gelegt, das die Konzentration, das psychophysische Wohlbefinden und die Qualit\u00e4t des Arbeitserlebnisses \u00fcber den gesamten Tag hinweg unterst\u00fctzt.<\/p><h2>Verantwortungsvoller Umgang mit Ressourcen und intelligentes Management<\/h2><p>Das Projekt integriert L\u00f6sungen zur Reduzierung des Wasserverbrauchs, darunter wassersparende Sanit\u00e4reinrichtungen sowie ein System zur Sammlung von Regenwasser, das f\u00fcr die Bew\u00e4sserung und f\u00fcr die Sanit\u00e4ranlagen wiederverwendet wird.<\/p><p>Alle technischen Anlagen werden \u00fcber ein <strong>Geb\u00e4udemanagementsystem (<\/strong>Building Management System \u2013 BMS) gesteuert, das den Energieverbrauch, die Beleuchtung und die Klimatisierung \u00fcberwacht und optimiert, indem es den Betrieb des Geb\u00e4udes an die tats\u00e4chlichen Nutzungsbedingungen anpasst. Das System erm\u00f6glicht zudem die Erfassung n\u00fctzlicher Daten zur langfristigen \u00dcberwachung der Leistung und unterst\u00fctzt so ein effizientes, transparentes und kontinuierlich verbessertes Geb\u00e4udemanagement. Dar\u00fcber hinaus ist auch die Einrichtung von Ladestationen f\u00fcr Elektrofahrzeuge vorgesehen, um eine nachhaltigere Mobilit\u00e4t zu f\u00f6rdern.<\/p>\t\t\t\t\t\t\t\t<\/div>\n\t\t\t\t<\/div>\n\t\t\t\t\t<\/div>\n\t\t\t\t<\/div>\n\t\t<div class=\"elementor-element elementor-element-0d094dd e-flex e-con-boxed e-con e-parent\" data-id=\"0d094dd\" data-element_type=\"container\">\n\t\t\t\t\t<div class=\"e-con-inner\">\n\t\t\t\t<div class=\"elementor-element elementor-element-8edd3c8 elementor-arrows-position-inside elementor-pagination-position-outside elementor-widget elementor-widget-image-carousel\" data-id=\"8edd3c8\" data-element_type=\"widget\" data-settings=\"{&quot;navigation&quot;:&quot;both&quot;,&quot;autoplay&quot;:&quot;yes&quot;,&quot;pause_on_hover&quot;:&quot;yes&quot;,&quot;pause_on_interaction&quot;:&quot;yes&quot;,&quot;autoplay_speed&quot;:5000,&quot;infinite&quot;:&quot;yes&quot;,&quot;speed&quot;:500}\" data-widget_type=\"image-carousel.default\">\n\t\t\t\t<div class=\"elementor-widget-container\">\n\t\t\t\t\t\t\t<div class=\"elementor-image-carousel-wrapper swiper\" role=\"region\" aria-roledescription=\"carousel\" aria-label=\"Carosello d&#039;immagini\" dir=\"ltr\">\n\t\t\t<div class=\"elementor-image-carousel swiper-wrapper swiper-image-stretch\" aria-live=\"off\">\n\t\t\t\t\t\t\t\t<div class=\"swiper-slide\" role=\"group\" aria-roledescription=\"slide\" aria-label=\"1 von 9\"><figure class=\"swiper-slide-inner\"><img decoding=\"async\" class=\"swiper-slide-image\" src=\"https:\/\/www.alperia.eu\/wp-content\/uploads\/2026\/01\/Uffici_web-300x200.jpg\" alt=\"Sede Alperia Merano\" \/><\/figure><\/div><div class=\"swiper-slide\" role=\"group\" aria-roledescription=\"slide\" aria-label=\"2 von 9\"><figure class=\"swiper-slide-inner\"><img decoding=\"async\" class=\"swiper-slide-image\" src=\"https:\/\/www.alperia.eu\/wp-content\/uploads\/2026\/01\/Bistro_web-300x200.jpg\" alt=\"Sede Alperia Merano\" \/><\/figure><\/div><div class=\"swiper-slide\" role=\"group\" aria-roledescription=\"slide\" aria-label=\"3 von 9\"><figure class=\"swiper-slide-inner\"><img decoding=\"async\" class=\"swiper-slide-image\" src=\"https:\/\/www.alperia.eu\/wp-content\/uploads\/2026\/01\/Postazioni_web-300x200.jpg\" alt=\"Sede Alperia Merano\" \/><\/figure><\/div><div class=\"swiper-slide\" role=\"group\" aria-roledescription=\"slide\" aria-label=\"4 von 9\"><figure class=\"swiper-slide-inner\"><img decoding=\"async\" class=\"swiper-slide-image\" src=\"https:\/\/www.alperia.eu\/wp-content\/uploads\/2026\/01\/Sala-ristoro_web-300x200.jpg\" alt=\"Sede Alperia Merano\" \/><\/figure><\/div><div class=\"swiper-slide\" role=\"group\" aria-roledescription=\"slide\" aria-label=\"5 von 9\"><figure class=\"swiper-slide-inner\"><img decoding=\"async\" class=\"swiper-slide-image\" src=\"https:\/\/www.alperia.eu\/wp-content\/uploads\/2026\/01\/Sala-congressi_web-300x200.jpg\" alt=\"Sede Alperia Merano\" \/><\/figure><\/div><div class=\"swiper-slide\" role=\"group\" aria-roledescription=\"slide\" aria-label=\"6 von 9\"><figure class=\"swiper-slide-inner\"><img decoding=\"async\" class=\"swiper-slide-image\" src=\"https:\/\/www.alperia.eu\/wp-content\/uploads\/2026\/01\/Sala-caffe_web-300x200.jpg\" alt=\"Sede Alperia Merano\" \/><\/figure><\/div><div class=\"swiper-slide\" role=\"group\" aria-roledescription=\"slide\" aria-label=\"7 von 9\"><figure class=\"swiper-slide-inner\"><img decoding=\"async\" class=\"swiper-slide-image\" src=\"https:\/\/www.alperia.eu\/wp-content\/uploads\/2026\/01\/Passaggio_web-300x200.jpg\" alt=\"Sede Alperia Merano\" \/><\/figure><\/div><div class=\"swiper-slide\" role=\"group\" aria-roledescription=\"slide\" aria-label=\"8 von 9\"><figure class=\"swiper-slide-inner\"><img decoding=\"async\" class=\"swiper-slide-image\" src=\"https:\/\/www.alperia.eu\/wp-content\/uploads\/2026\/01\/Palestra_web-300x200.jpg\" alt=\"Sede Alperia Merano\" \/><\/figure><\/div><div class=\"swiper-slide\" role=\"group\" aria-roledescription=\"slide\" aria-label=\"9 von 9\"><figure class=\"swiper-slide-inner\"><img decoding=\"async\" class=\"swiper-slide-image\" src=\"https:\/\/www.alperia.eu\/wp-content\/uploads\/2026\/01\/Edyna_web-300x200.jpg\" alt=\"Sede Alperia Merano\" \/><\/figure><\/div>\t\t\t<\/div>\n\t\t\t\t\t\t\t\t\t\t\t\t<div class=\"elementor-swiper-button elementor-swiper-button-prev\" role=\"button\" tabindex=\"0\">\n\t\t\t\t\t\t<svg aria-hidden=\"true\" class=\"e-font-icon-svg e-eicon-chevron-left\" viewBox=\"0 0 1000 1000\" xmlns=\"http:\/\/www.w3.org\/2000\/svg\"><path d=\"M646 125C629 125 613 133 604 142L308 442C296 454 292 471 292 487 292 504 296 521 308 533L604 854C617 867 629 875 646 875 663 875 679 871 692 858 704 846 713 829 713 812 713 796 708 779 692 767L438 487 692 225C700 217 708 204 708 187 708 171 704 154 692 142 675 129 663 125 646 125Z\"><\/path><\/svg>\t\t\t\t\t<\/div>\n\t\t\t\t\t<div class=\"elementor-swiper-button elementor-swiper-button-next\" role=\"button\" tabindex=\"0\">\n\t\t\t\t\t\t<svg aria-hidden=\"true\" class=\"e-font-icon-svg e-eicon-chevron-right\" viewBox=\"0 0 1000 1000\" xmlns=\"http:\/\/www.w3.org\/2000\/svg\"><path d=\"M696 533C708 521 713 504 713 487 713 471 708 454 696 446L400 146C388 133 375 125 354 125 338 125 325 129 313 142 300 154 292 171 292 187 292 204 296 221 308 233L563 492 304 771C292 783 288 800 288 817 288 833 296 850 308 863 321 871 338 875 354 875 371 875 388 867 400 854L696 533Z\"><\/path><\/svg>\t\t\t\t\t<\/div>\n\t\t\t\t\n\t\t\t\t\t\t\t\t\t<div class=\"swiper-pagination\"><\/div>\n\t\t\t\t\t\t\t\t\t<\/div>\n\t\t\t\t\t\t<\/div>\n\t\t\t\t<\/div>\n\t\t\t\t\t<\/div>\n\t\t\t\t<\/div>\n\t\t\t\t<\/div>\n\t\t","protected":false},"excerpt":{"rendered":"<p>Die Planung zeitgen\u00f6ssischer Geb\u00e4ude betrifft heute nicht mehr nur Architektur oder Technologie, sondern auch die Verantwortung gegen\u00fcber der Umwelt und den Menschen. Das wachsende Bewusstsein f\u00fcr Nachhaltigkeit, Wohlbefinden am Arbeitsplatz und einen verantwortungsvollen Umgang mit Ressourcen r\u00fcckt die Integration von Energieeffizienz, Komfort und Raumqualit\u00e4t immer st\u00e4rker in den Mittelpunkt. Der neue Sitz von Alperia in [&hellip;]<\/p>\n","protected":false},"author":5,"featured_media":41872,"comment_status":"closed","ping_status":"closed","sticky":false,"template":"elementor_theme","format":"standard","meta":{"_acf_changed":false,"footnotes":""},"categories":[41],"tags":[526],"class_list":["post-40156","post","type-post","status-publish","format-standard","has-post-thumbnail","hentry","category-stories-de","tag-energieeffizienz"],"acf":[],"featured_image_src":"https:\/\/www.alperia.eu\/wp-content\/uploads\/2026\/01\/Merano-1024x717.jpg-1-150x150.webp","_links":{"self":[{"href":"https:\/\/www.alperia.eu\/de\/wp-json\/wp\/v2\/posts\/40156","targetHints":{"allow":["GET"]}}],"collection":[{"href":"https:\/\/www.alperia.eu\/de\/wp-json\/wp\/v2\/posts"}],"about":[{"href":"https:\/\/www.alperia.eu\/de\/wp-json\/wp\/v2\/types\/post"}],"author":[{"embeddable":true,"href":"https:\/\/www.alperia.eu\/de\/wp-json\/wp\/v2\/users\/5"}],"replies":[{"embeddable":true,"href":"https:\/\/www.alperia.eu\/de\/wp-json\/wp\/v2\/comments?post=40156"}],"version-history":[{"count":11,"href":"https:\/\/www.alperia.eu\/de\/wp-json\/wp\/v2\/posts\/40156\/revisions"}],"predecessor-version":[{"id":40189,"href":"https:\/\/www.alperia.eu\/de\/wp-json\/wp\/v2\/posts\/40156\/revisions\/40189"}],"wp:featuredmedia":[{"embeddable":true,"href":"https:\/\/www.alperia.eu\/de\/wp-json\/wp\/v2\/media\/41872"}],"wp:attachment":[{"href":"https:\/\/www.alperia.eu\/de\/wp-json\/wp\/v2\/media?parent=40156"}],"wp:term":[{"taxonomy":"category","embeddable":true,"href":"https:\/\/www.alperia.eu\/de\/wp-json\/wp\/v2\/categories?post=40156"},{"taxonomy":"post_tag","embeddable":true,"href":"https:\/\/www.alperia.eu\/de\/wp-json\/wp\/v2\/tags?post=40156"}],"curies":[{"name":"wp","href":"https:\/\/api.w.org\/{rel}","templated":true}]}}