{"id":42650,"date":"2026-03-12T15:09:05","date_gmt":"2026-03-12T14:09:05","guid":{"rendered":"https:\/\/www.alperia.eu\/?p=42650"},"modified":"2026-03-16T09:08:26","modified_gmt":"2026-03-16T08:08:26","slug":"la-transizione-energetica-e-passata-di-moda-il-confronto-con-nicola-armaroli-a-key-energy-2026","status":"publish","type":"post","link":"https:\/\/www.alperia.eu\/de\/la-transizione-energetica-e-passata-di-moda-il-confronto-con-nicola-armaroli-a-key-energy-2026\/","title":{"rendered":"Ist die Energiewende aus der Mode gekommen? Ein Gespr\u00e4ch mit Nicola Armaroli auf der Energiemesse Key Energy 2026"},"content":{"rendered":"<p>Kann es wirklich sein, dass die Energiewende \u201eaus der Mode\u201c ist? Von dieser provokanten Frage ausgehend entwickelte sich der Dialog zwischen <strong>Nicola Armaroli, Forschungsdirektor beim Consiglio Nazionale delle Ricerche, der gr\u00f6\u00dften \u00f6ffentlichen Forschungseinrichtung Italiens, und Anna Carassai, Verantwortliche Sustainability Controlling &amp; Energy Efficiency Advisory bei Alperia<\/strong>, w\u00e4hrend der Key Energy 2026. Das Gespr\u00e4ch war ein direkter Austausch \u2013 fundiert auf Daten und Fakten.<\/p>\n<p>Nach Ansicht von Armaroli entsteht der Eindruck einer stockenden Energiewende nicht, weil ihre Gr\u00fcnde weniger \u00fcberzeugend geworden w\u00e4ren, sondern weil sich der Kontext ver\u00e4ndert hat. Nach einer Anfangsphase mit sehr hohen Erwartungen zeigt die Realit\u00e4t \u2013 technisch, wirtschaftlich und geopolitisch \u2013, wie komplex der Weg tats\u00e4chlich ist. Eine Phase, die der Wissenschaftler als \u201eadoleszent\u201c beschreibt: schwierig und manchmal m\u00fchsam, aber entscheidend, um ein stabileres und reiferes Energiesystem aufzubauen.<\/p>\n<p><iframe title=\"La transizione energetica \u00e8 davvero \u201cpassata di moda\u201d?\" width=\"563\" height=\"1000\" src=\"https:\/\/www.youtube.com\/embed\/CGRDvh3jQ7c?feature=oembed&#038;enablejsapi=1&#038;origin=https:\/\/www.alperia.eu\" frameborder=\"0\" allow=\"accelerometer; autoplay; clipboard-write; encrypted-media; gyroscope; picture-in-picture; web-share\" referrerpolicy=\"strict-origin-when-cross-origin\" allowfullscreen><\/iframe><\/p>\n<h2><strong>Die Klimakrise folgt keinen politischen Zyklen<\/strong><\/h2>\n<p>Unabh\u00e4ngig von politischen Debatten bleibt der eigentliche Motor der Energiewende unver\u00e4ndert: die Klimakrise. Wissenschaftliche Daten zeigen, dass die globale Erw\u00e4rmung l\u00e4ngst keine theoretische Hypothese mehr ist, sondern bereits konkrete Auswirkungen hat. In diesem Kontext ist die Energiewende keine ideologische Entscheidung, sondern eine Notwendigkeit.<\/p>\n<blockquote><p><strong>\u201eWir treiben sie nicht voran, weil sie uns gef\u00e4llt\u201c, betonte Armaroli, \u201esondern weil wir keine Alternative haben.\u201c<\/strong><\/p><\/blockquote>\n<p>Das globale Energiesystem basiert zudem weiterhin auf einer fragilen Struktur, die stark von den Regionen abh\u00e4ngt, in denen fossile Energietr\u00e4ger verf\u00fcgbar sind \u2013 und damit wirtschaftlichen und strategischen Risiken ausgesetzt ist. Auch deshalb kann die Energiewende kaum als vor\u00fcbergehender Trend verstanden werden.<\/p>\n<h2><strong>Die Zahlen zeigen: Wir sind auf dem richtigen Weg<\/strong><\/h2>\n<p>In Italien wird bereits ein bedeutender Teil der Stromnachfrage durch erneuerbare Energien gedeckt, und die Photovoltaik hat neue Produktionsrekorde erreicht. Ein Trend, der sich auch auf europ\u00e4ischer Ebene best\u00e4tigt: Hier haben Wind- und Solarenergie inzwischen die Stromproduktion aus fossilen Quellen \u00fcbertroffen. Diese Entwicklungen sind keine Einzelf\u00e4lle, sondern das Ergebnis gezielter Investitionen, wirtschaftlicher Attraktivit\u00e4t und kurzer Installationszeiten.<\/p>\n<h2><strong>Warum Photovoltaik eine Schl\u00fcsselrolle spielt<\/strong><\/h2>\n<p>In diesem Szenario hat sich die Photovoltaik zu einem der zentralen Pfeiler der Energiewende entwickelt \u2013 dank struktureller Eigenschaften, die nur schwer zu \u00fcbertreffen sind.<\/p>\n<blockquote><p><strong>\u201ePhotovoltaik ist eine Technologie mit minimalem Wartungsaufwand und einer einzigartigen Modularit\u00e4t\u201c<\/strong>,<\/p><\/blockquote>\n<p>erkl\u00e4rte Armaroli. Sie kann praktisch \u00fcberall installiert werden \u2013 von urbanen R\u00e4umen bis hin zu abgelegenen Gebieten. In Kombination mit Speichersystemen hat sich ihre Bedeutung weiter verst\u00e4rkt und macht sie zu einer Schl\u00fcsseltechnologie f\u00fcr die Energiesicherheit.<\/p>\n<h2><strong>Elektrifizierung und Effizienz: der eigentliche Paradigmenwechsel<\/strong><\/h2>\n<p>Neben dem Ausbau erneuerbarer Energien betonte Armaroli die Bedeutung der Elektrifizierung des Endenergieverbrauchs als echten Paradigmenwechsel.<\/p>\n<blockquote><p><strong>\u201eElektrifizierung bedeutet, auf industrielle Produktion, Kompetenzen und Know-how zu setzen \u2013 genau hier kann Europa seine St\u00e4rken ausspielen.\u201c<\/strong><\/p><\/blockquote>\n<p>Die Energiewende ist daher auch ein industriepolitisches Thema, insbesondere f\u00fcr Europa: Entweder weiterhin von fossilen Energieimporten abh\u00e4ngig bleiben oder in ein elektrisches System investieren, das auf erneuerbaren Energien basiert und europ\u00e4ische Technologiekompetenz st\u00e4rkt.<\/p>\n<p>Wenn Elektrifizierung mit leistungsf\u00e4higen Stromnetzen und Speichersystemen kombiniert wird, lassen sich Energieverluste reduzieren und die Gesamteffizienz des Systems deutlich steigern.<\/p>\n<h2><strong>Elektromobilit\u00e4t: zwischen Verz\u00f6gerungen und Wahrnehmung<\/strong><\/h2>\n<p>Zum Abschluss verlagerte sich das Gespr\u00e4ch auf die Elektromobilit\u00e4t \u2013 ein Bereich, der h\u00e4ufig polarisiert. In Italien liegt der Anteil an Elektroautos weiterhin unter dem europ\u00e4ischer Vergleichsl\u00e4nder, obwohl das Ladenetz bereits gut ausgebaut ist. Armaroli sieht einen Teil der Skepsis in einer unzureichenden Kommunikation begr\u00fcndet:<\/p>\n<blockquote><p><strong>\u201eZu selten wird \u00fcber die konkreten Vorteile gesprochen \u2013 von besserer Luftqualit\u00e4t bis hin zur Gesundheit der Menschen.\u201c<\/strong><\/p><\/blockquote>\n<h2><strong>Eine offene Frage<\/strong><\/h2>\n<p>Die zentrale Botschaft ist klar: Die Energiewende ist keineswegs aus der Mode gekommen. Vielmehr befindet sie sich in einer Phase, die mehr Realismus, Kompetenzen, Investitionen und eine \u00fcberzeugende Erz\u00e4hlung erfordert \u2013 eine, die Daten, Technologie und Auswirkungen auf den Alltag miteinander verbindet.<\/p>\n<blockquote><p>\u201eDie eigentliche Frage\u201c, so Armaroli abschlie\u00dfend, \u201eist, ob es uns gelingt, diesen Wandel rechtzeitig abzuschlie\u00dfen \u2013 bevor die Folgen der Klimakrise noch tiefgreifender und schwerer zu bew\u00e4ltigen werden.\u201c<\/p><\/blockquote>\n","protected":false},"excerpt":{"rendered":"<p>Kann es wirklich sein, dass die Energiewende \u201eaus der Mode\u201c ist? Von dieser provokanten Frage ausgehend entwickelte sich der Dialog zwischen Nicola Armaroli, Forschungsdirektor beim Consiglio Nazionale delle Ricerche, der gr\u00f6\u00dften \u00f6ffentlichen Forschungseinrichtung Italiens, und Anna Carassai, Verantwortliche Sustainability Controlling &amp; Energy Efficiency Advisory bei Alperia, w\u00e4hrend der Key Energy 2026. Das Gespr\u00e4ch war ein [&hellip;]<\/p>\n","protected":false},"author":5,"featured_media":42645,"comment_status":"closed","ping_status":"closed","sticky":false,"template":"elementor_theme","format":"standard","meta":{"_acf_changed":false,"footnotes":""},"categories":[152],"tags":[],"class_list":["post-42650","post","type-post","status-publish","format-standard","has-post-thumbnail","hentry","category-sostenibilita-de"],"acf":[],"featured_image_src":"https:\/\/www.alperia.eu\/wp-content\/uploads\/2026\/03\/26.03.12_Intervista-Armaroli-150x150.jpg","_links":{"self":[{"href":"https:\/\/www.alperia.eu\/de\/wp-json\/wp\/v2\/posts\/42650","targetHints":{"allow":["GET"]}}],"collection":[{"href":"https:\/\/www.alperia.eu\/de\/wp-json\/wp\/v2\/posts"}],"about":[{"href":"https:\/\/www.alperia.eu\/de\/wp-json\/wp\/v2\/types\/post"}],"author":[{"embeddable":true,"href":"https:\/\/www.alperia.eu\/de\/wp-json\/wp\/v2\/users\/5"}],"replies":[{"embeddable":true,"href":"https:\/\/www.alperia.eu\/de\/wp-json\/wp\/v2\/comments?post=42650"}],"version-history":[{"count":12,"href":"https:\/\/www.alperia.eu\/de\/wp-json\/wp\/v2\/posts\/42650\/revisions"}],"predecessor-version":[{"id":42738,"href":"https:\/\/www.alperia.eu\/de\/wp-json\/wp\/v2\/posts\/42650\/revisions\/42738"}],"wp:featuredmedia":[{"embeddable":true,"href":"https:\/\/www.alperia.eu\/de\/wp-json\/wp\/v2\/media\/42645"}],"wp:attachment":[{"href":"https:\/\/www.alperia.eu\/de\/wp-json\/wp\/v2\/media?parent=42650"}],"wp:term":[{"taxonomy":"category","embeddable":true,"href":"https:\/\/www.alperia.eu\/de\/wp-json\/wp\/v2\/categories?post=42650"},{"taxonomy":"post_tag","embeddable":true,"href":"https:\/\/www.alperia.eu\/de\/wp-json\/wp\/v2\/tags?post=42650"}],"curies":[{"name":"wp","href":"https:\/\/api.w.org\/{rel}","templated":true}]}}