{"id":7154,"date":"2023-12-10T09:05:14","date_gmt":"2023-12-10T08:05:14","guid":{"rendered":"https:\/\/www.alperia.eu\/diritti-umani-a-che-punto-siamo\/"},"modified":"2024-09-20T10:26:02","modified_gmt":"2024-09-20T08:26:02","slug":"menschenrechte-an-welchem-punkt-sind-wir-angelangt","status":"publish","type":"post","link":"https:\/\/www.alperia.eu\/de\/menschenrechte-an-welchem-punkt-sind-wir-angelangt\/","title":{"rendered":"Menschenrechte \u2013 An welchem Punkt sind wir angelangt?"},"content":{"rendered":"<p>Im Jahr 1948 verabschiedete die UN-Generalversammlung erstmals die <strong>Allgemeine Erkl\u00e4rung der Menschenrechte:<\/strong> Ein Dokument, das die unver\u00e4u\u00dferlichen Rechte eines jeden Menschen, unabh\u00e4ngig von Rasse, Hautfarbe, Religion, Geschlecht, Sprache oder Meinung, schwarz auf wei\u00df festh\u00e4lt. Seitdem wird jedes Jahr am <strong>10. Dezember<\/strong> der <strong>Weltmenschenrechtstag<\/strong> begangen, um an die grundlegende Bedeutung des Schutzes der Freiheit und der W\u00fcrde aller Menschen zu erinnern. Im Laufe der Jahre wurde die Erkl\u00e4rung durch den <a href=\"https:\/\/www.ohchr.org\/en\/instruments-mechanisms\/instruments\/international-covenant-civil-and-political-rights\" target=\"_blank\" rel=\"noopener\">Internationalen Pakt \u00fcber b\u00fcrgerliche und politische Rechte<\/a> sowie den <a href=\"https:\/\/www.ohchr.org\/en\/instruments-mechanisms\/instruments\/international-covenant-economic-social-and-cultural-rights\" target=\"_blank\" rel=\"noopener\">Internationalen Pakt \u00fcber wirtschaftliche, soziale und kulturelle Rechte<\/a> erg\u00e4nzt. Dabei handelt es sich um Dokumente, die faktisch die S\u00e4ulen der humanit\u00e4ren Mechanismen des internationalen Schutzes darstellen.<\/p>\n<p><strong>Von Gaza bis zur Ukraine: humanit\u00e4re Krisen<\/strong><\/p>\n<p>&nbsp;<\/p>\n<p>Trotz dieser soliden Grundlagen werden<strong> viele dieser Grunds\u00e4tze missachtet<\/strong>. Allein der j\u00fcngste israelisch-pal\u00e4stinensische Konflikt forderte bis dato im <strong>Gazastreifen<\/strong> \u00fcber 12.000 Menschenleben, und mehr als 4.600 Menschen wurden vertrieben, darunter Kinder, \u00e4ltere Menschen und schwangere Frauen. Die Vereinten Nationen sprechen von \u201eschweren, mehrfachen Menschenrechtsverletzungen\u201c, die \u201estrenge internationale Untersuchungen\u201c erfordern. \u00c4hnlich dramatische Zahlen betreffen den Krieg in der <strong>Ukraine<\/strong>, der laut dem <a href=\"http:\/\/fra.europa.eu\/en\/publication\/2023\/fundamental-rights-report-2023\" target=\"_blank\" rel=\"noopener\">Fundamental Rights Report 2023<\/a> der Agentur der Europ\u00e4ischen Union f\u00fcr Grundrechte fast 8 Millionen Menschen zwang, ihr Land zu verlassen und in Europa Zuflucht zu suchen. Situationen wie diese sind in vielen anderen Staaten der Welt \u00fcblich und zeigen, <strong>wie wichtig es ist, <\/strong><strong>wachsam<\/strong><strong> zu bleiben<\/strong> und weiter daf\u00fcr zu k\u00e4mpfen, dass diese Rechte in jedem Kontext geachtet und durchgesetzt werden.<\/p>\n<p><strong>Arbeit und Rechte<\/strong><\/p>\n<p>&nbsp;<\/p>\n<p>Auch die Arbeit kann eine Schwachstelle darstellen, und die Rolle der Unternehmen beim Schutz der Menschenrechte ist ein hochaktuelles Thema. Die <a href=\"https:\/\/www.worldbenchmarkingalliance.org\/\" target=\"_blank\" rel=\"noopener\">World Benchmarking Alliance<\/a>, eine gemeinn\u00fctzige Organisation, die die einflussreichsten Unternehmen der Welt nach ihrem Beitrag zu den Zielen f\u00fcr nachhaltige Entwicklung bewertet und einstuft, stellte bei 70 % der befragten Unternehmen eine Verbesserung im Umgang mit den Menschenrechten fest, wobei jedoch in einigen Bereichen weiterhin Schwierigkeiten bestehen. Das gilt vor allem f\u00fcr die Branchen <strong>Mode und Bergbauindustrie<\/strong>. In beiden F\u00e4llen erreichen die Unternehmen in Bezug auf die Menschenrechte kaum jemals mehr als 20 von 100 Punkten. Laut der von <a href=\"https:\/\/www.oxfamitalia.org\/aziende-e-diritti-umani-oxfam-e-collectibus\/\" target=\"_blank\" rel=\"noopener\">Oxfam Italia und Collectibus<\/a> durchgef\u00fchrten Umfrage <strong>geben<\/strong> insbesondere in Italien von 77 Unternehmen etwa <strong>70\u00a0% an, dass sie dem <\/strong><strong>Thema hohe Aufmerksamkeit beimessen<\/strong>: Andererseits erh\u00f6hen die Leitlinien der Global Reporting Initiative sowie die UN-Leitprinzipien f\u00fcr Wirtschaft und Menschenrechte und die Due Diligence Directive den Druck auf die Gesch\u00e4ftswelt, sich zunehmend mit den Menschenrechten zu befassen. Allerdings verf\u00fcgen 40 % der befragten Unternehmen <strong>immer noch nicht \u00fcber stabile Ma\u00dfnahmen zur Minderung<\/strong> des Risikos f\u00fcr die Menschen am Arbeitsplatz. Es gibt also noch reichlich Raum f\u00fcr Verbesserungen: Der Aufbau von speziellem internem Fachwissen und die Einbeziehung aller Funktionen k\u00f6nnten die ersten Schritte sein, um den Schutz der Menschenrechte zu einem grundlegenden Bestandteil der Gesch\u00e4ftst\u00e4tigkeit zu machen.<\/p>\n<p><strong>Rechte f\u00fcr alle Lebewesen \u2013 Menschen und Tiere<\/strong><\/p>\n<p>Sicher ist, dass die Einhaltung der Menschenrechte einen langfristigen Horizont erfordert. Dieses Thema kann nicht nur auf der Grundlage von Eventualit\u00e4ten und der Einhaltung von Vorschriften angegangen werden, sondern erfordert eine systemische und sektor\u00fcbergreifende Sichtweise, um die notwendigen Ver\u00e4nderungen heranreifen zu lassen und umzusetzen. Schlie\u00dflich sollten wir uns daran erinnern, dass der weite Horizont der Menschenrechte den weiteren Horizont <strong>aller Lebewesen<\/strong> einschlie\u00dfen muss: Es ist kein Zufall, dass der 10. Dezember auch der <strong>Internationale Tag der Tierrechte<\/strong> ist. Das Schicksal von Mensch und Tier ist n\u00e4mlich eng verbunden: Dies so schnell wie m\u00f6glich zu verstehen und die menschlichen Aktivit\u00e4ten, die zum Verlust der biologischen Vielfalt und zum Aussterben von mehr als 1 Million Tierarten f\u00fchren, einzud\u00e4mmen ist eine von den Vereinten Nationen anerkannte Priorit\u00e4t. Der Schutz jeder gef\u00e4hrdeten Gruppe \u2013 ob Mensch oder Tier \u2013 beginnt bei uns, unseren Gemeinschaften und den Organisationen, denen wir angeh\u00f6ren. F\u00fcr eine nachhaltigere Zukunft, f\u00fcr uns und unseren Planeten.<\/p>\n","protected":false},"excerpt":{"rendered":"<p>Im Jahr 1948 verabschiedete die UN-Generalversammlung erstmals die Allgemeine Erkl\u00e4rung der Menschenrechte: Ein Dokument, das die unver\u00e4u\u00dferlichen Rechte eines jeden Menschen, unabh\u00e4ngig von Rasse, Hautfarbe, Religion, Geschlecht, Sprache oder Meinung, schwarz auf wei\u00df festh\u00e4lt.<\/p>\n","protected":false},"author":1,"featured_media":17271,"comment_status":"closed","ping_status":"closed","sticky":false,"template":"","format":"standard","meta":{"_acf_changed":false,"footnotes":""},"categories":[40],"tags":[],"class_list":["post-7154","post","type-post","status-publish","format-standard","has-post-thumbnail","hentry","category-focus-on-de"],"acf":[],"featured_image_src":"https:\/\/www.alperia.eu\/wp-content\/uploads\/2023\/12\/0032_Diritti-umani_web-150x150.jpg","_links":{"self":[{"href":"https:\/\/www.alperia.eu\/de\/wp-json\/wp\/v2\/posts\/7154","targetHints":{"allow":["GET"]}}],"collection":[{"href":"https:\/\/www.alperia.eu\/de\/wp-json\/wp\/v2\/posts"}],"about":[{"href":"https:\/\/www.alperia.eu\/de\/wp-json\/wp\/v2\/types\/post"}],"author":[{"embeddable":true,"href":"https:\/\/www.alperia.eu\/de\/wp-json\/wp\/v2\/users\/1"}],"replies":[{"embeddable":true,"href":"https:\/\/www.alperia.eu\/de\/wp-json\/wp\/v2\/comments?post=7154"}],"version-history":[{"count":12,"href":"https:\/\/www.alperia.eu\/de\/wp-json\/wp\/v2\/posts\/7154\/revisions"}],"predecessor-version":[{"id":11417,"href":"https:\/\/www.alperia.eu\/de\/wp-json\/wp\/v2\/posts\/7154\/revisions\/11417"}],"wp:featuredmedia":[{"embeddable":true,"href":"https:\/\/www.alperia.eu\/de\/wp-json\/wp\/v2\/media\/17271"}],"wp:attachment":[{"href":"https:\/\/www.alperia.eu\/de\/wp-json\/wp\/v2\/media?parent=7154"}],"wp:term":[{"taxonomy":"category","embeddable":true,"href":"https:\/\/www.alperia.eu\/de\/wp-json\/wp\/v2\/categories?post=7154"},{"taxonomy":"post_tag","embeddable":true,"href":"https:\/\/www.alperia.eu\/de\/wp-json\/wp\/v2\/tags?post=7154"}],"curies":[{"name":"wp","href":"https:\/\/api.w.org\/{rel}","templated":true}]}}