{"id":7313,"date":"2023-06-06T11:02:43","date_gmt":"2023-06-06T09:02:43","guid":{"rendered":"https:\/\/www.alperia.eu\/beltrame-e-alperia-insieme-verso-la-decarbonizzazione\/"},"modified":"2024-09-17T11:41:56","modified_gmt":"2024-09-17T09:41:56","slug":"beltrame-und-alperia-gemeinsam-auf-dem-weg-zur-dekarbonisierung","status":"publish","type":"post","link":"https:\/\/www.alperia.eu\/de\/beltrame-und-alperia-gemeinsam-auf-dem-weg-zur-dekarbonisierung\/","title":{"rendered":"Beltrame und Alperia gemeinsam auf dem Weg zur Dekarbonisierung"},"content":{"rendered":"\t\t<div data-elementor-type=\"wp-post\" data-elementor-id=\"7313\" class=\"elementor elementor-7313 elementor-6287\" data-elementor-post-type=\"post\">\n\t\t\t\t<div class=\"elementor-element elementor-element-2ef04187 e-con-full section-image e-flex e-con e-parent\" data-id=\"2ef04187\" data-element_type=\"container\">\n\t\t\t\t<div class=\"elementor-element elementor-element-710a73fc elementor-widget__width-inherit elementor-widget elementor-widget-theme-post-featured-image elementor-widget-image\" data-id=\"710a73fc\" data-element_type=\"widget\" data-widget_type=\"theme-post-featured-image.default\">\n\t\t\t\t<div class=\"elementor-widget-container\">\n\t\t\t\t\t\t\t\t\t\t\t\t\t\t\t<img fetchpriority=\"high\" decoding=\"async\" width=\"1920\" height=\"1080\" src=\"https:\/\/www.alperia.eu\/wp-content\/uploads\/2023\/06\/0028_decarbonizzazione-web.jpg\" class=\"attachment-full size-full wp-image-17282\" alt=\"ein Wald mit vielen B\u00e4umen\" srcset=\"https:\/\/www.alperia.eu\/wp-content\/uploads\/2023\/06\/0028_decarbonizzazione-web.jpg 1920w, https:\/\/www.alperia.eu\/wp-content\/uploads\/2023\/06\/0028_decarbonizzazione-web-300x169.jpg 300w, https:\/\/www.alperia.eu\/wp-content\/uploads\/2023\/06\/0028_decarbonizzazione-web-1024x576.jpg 1024w, https:\/\/www.alperia.eu\/wp-content\/uploads\/2023\/06\/0028_decarbonizzazione-web-768x432.jpg 768w, https:\/\/www.alperia.eu\/wp-content\/uploads\/2023\/06\/0028_decarbonizzazione-web-1536x864.jpg 1536w\" sizes=\"(max-width: 1920px) 100vw, 1920px\" \/>\t\t\t\t\t\t\t\t\t\t\t\t\t\t\t<\/div>\n\t\t\t\t<\/div>\n\t\t\t\t<\/div>\n\t\t<div class=\"elementor-element elementor-element-757a7ca5 e-flex e-con-boxed e-con e-parent\" data-id=\"757a7ca5\" data-element_type=\"container\">\n\t\t\t\t\t<div class=\"e-con-inner\">\n\t\t<div class=\"elementor-element elementor-element-42ae720 e-con-full block-main-content e-flex e-con e-child\" data-id=\"42ae720\" data-element_type=\"container\">\n\t\t<div class=\"elementor-element elementor-element-18365c38 e-flex e-con-boxed e-con e-child\" data-id=\"18365c38\" data-element_type=\"container\">\n\t\t\t\t\t<div class=\"e-con-inner\">\n\t\t\t\t<div class=\"elementor-element elementor-element-4ae1eda2 elementor-widget__width-inherit elementor-hidden-desktop elementor-hidden-tablet elementor-widget elementor-widget-theme-post-featured-image elementor-widget-image\" data-id=\"4ae1eda2\" data-element_type=\"widget\" data-widget_type=\"theme-post-featured-image.default\">\n\t\t\t\t<div class=\"elementor-widget-container\">\n\t\t\t\t\t\t\t\t\t\t\t\t\t\t\t<img fetchpriority=\"high\" decoding=\"async\" width=\"1920\" height=\"1080\" src=\"https:\/\/www.alperia.eu\/wp-content\/uploads\/2023\/06\/0028_decarbonizzazione-web.jpg\" class=\"attachment-full size-full wp-image-17282\" alt=\"ein Wald mit vielen B\u00e4umen\" srcset=\"https:\/\/www.alperia.eu\/wp-content\/uploads\/2023\/06\/0028_decarbonizzazione-web.jpg 1920w, https:\/\/www.alperia.eu\/wp-content\/uploads\/2023\/06\/0028_decarbonizzazione-web-300x169.jpg 300w, https:\/\/www.alperia.eu\/wp-content\/uploads\/2023\/06\/0028_decarbonizzazione-web-1024x576.jpg 1024w, https:\/\/www.alperia.eu\/wp-content\/uploads\/2023\/06\/0028_decarbonizzazione-web-768x432.jpg 768w, https:\/\/www.alperia.eu\/wp-content\/uploads\/2023\/06\/0028_decarbonizzazione-web-1536x864.jpg 1536w\" sizes=\"(max-width: 1920px) 100vw, 1920px\" \/>\t\t\t\t\t\t\t\t\t\t\t\t\t\t\t<\/div>\n\t\t\t\t<\/div>\n\t\t\t\t<div class=\"elementor-element elementor-element-7e3a19b3 elementor-widget elementor-widget-text-editor\" data-id=\"7e3a19b3\" data-element_type=\"widget\" data-widget_type=\"text-editor.default\">\n\t\t\t\t<div class=\"elementor-widget-container\">\n\t\t\t\t\t\t\t\t\t<p><strong>Case History: Beltrame will <\/strong><strong>CO<\/strong><strong><sub>2<\/sub><\/strong><strong>-Emissionen um 40 % reduzieren.<\/strong><\/p>\n\n<p>Immer mehr Privatunternehmen stellen sich der Herausforderung, die CO<sub>2<\/sub>-Emissionen zu reduzieren, um eine gr\u00f6\u00dfere \u00f6kologische Nachhaltigkeit im Einklang mit dem Ziel der Europ\u00e4ischen Union zu erreichen, u. zw. bis 2050 klimaneutral zu sein.<\/p>\n\n<p>Einige setzten sich Ziele, die tiefgreifende Emissionssenkungen entlang der gesamten Wertsch\u00f6pfungskette umfassen, wie zum Beispiel AFV Beltrame Group, ein in Vicenza ans\u00e4ssiger Stahlkonzern und f\u00fchrender europ\u00e4ischer Hersteller von Stabstahl. Beltrame erstellte einen ehrgeizigen Dekarbonisierungsplan, der darauf abzielt, die Kohlenstoffemissionen Scope 1 und 2 bis 2030 um 40 % im Vergleich zu 2015 zu reduzieren.&nbsp;<\/p>\n\n<p><strong>Hier kommt Alperia,<\/strong> S\u00fcdtiroler Energiedienstleister und Produzent von Energie aus erneuerbaren Quellen, ins Spiel: \u201e<em>Alperia ist in der Lage, Unternehmen auf dem Weg zur Dekarbonisierung zu begleiten. Wir tun dies mit all unseren Kompetenzen: von der Produktion von 100 % gr\u00fcner Energie bis zur Bereitstellung von Produkten und Dienstleistungen f\u00fcr Energieeffizienz, von Elektromobilit\u00e4t bis zu Systemen der k\u00fcnstlichen Intelligenz. Bei uns finden Unternehmen in einem einzigen Partner alle Kompetenzen, die sie brauchen, um Klimaneutralit\u00e4t zu erreichen<\/em>\u201c, so Francesco Campara, Leiter des Bereichs Unternehmensberatung von Alperia.<\/p>\n\n<p>Zu den offensichtlichsten Ergebnissen des Beltrame-Dekarbonisierungsplans z\u00e4hlt <a href=\"https:\/\/gruppobeltrame.com\/chalibria\/\" rel=\" noopener\" target=\"_blank\" title=\"Chalibria\">Chalibria<\/a>, der \u201eCO2-freie Stahl, der es den Nutzern erm\u00f6glicht, ihren indirekten Aussto\u00df von Kohlenstoffdioxid zu reduzieren. Im Rahmen des entsprechenden Zertifizierungsprozesses war Alperia an der \u00dcberwachung und Kompensation der Emissionen beteiligt, die in der Wertsch\u00f6pfungskette \u201ecradle to gate\u201c (von der Wiege bis zum Tor) entstehen, und zwar gem\u00e4\u00df einer Strategie, die sich bereits im Rahmen des Pakets der angebotenen Energiedienstleistungen zur Erreichung der Energieeffizienz und zur Verringerung des CO2-Fu\u00dfabdrucks bew\u00e4hrte.<\/p>\n\n<blockquote>&nbsp;<\/blockquote>\n\t\t\t\t\t\t\t\t<\/div>\n\t\t\t\t<\/div>\n\t\t\t\t<div class=\"elementor-element elementor-element-bd53584 elementor-widget elementor-widget-video\" data-id=\"bd53584\" data-element_type=\"widget\" data-settings=\"{&quot;youtube_url&quot;:&quot;https:\\\/\\\/youtu.be\\\/Hlcz7uuBN5M&quot;,&quot;video_type&quot;:&quot;youtube&quot;,&quot;controls&quot;:&quot;yes&quot;}\" data-widget_type=\"video.default\">\n\t\t\t\t<div class=\"elementor-widget-container\">\n\t\t\t\t\t\t\t<div class=\"elementor-wrapper elementor-open-inline\">\n\t\t\t<div class=\"elementor-video\"><\/div>\t\t<\/div>\n\t\t\t\t\t\t<\/div>\n\t\t\t\t<\/div>\n\t\t\t\t<div class=\"elementor-element elementor-element-ddf6b2a elementor-widget elementor-widget-text-editor\" data-id=\"ddf6b2a\" data-element_type=\"widget\" data-widget_type=\"text-editor.default\">\n\t\t\t\t<div class=\"elementor-widget-container\">\n\t\t\t\t\t\t\t\t\t<p><strong>Energieleistungsvertrag <\/strong><\/p>\n\n<p>Alperia begleitete AFV Beltrame Group auch bei der Entwicklung von Energieeffizienzprojekten nach dem Modell des <a href=\"https:\/\/www.efficienzaenergetica.enea.it\/glossario-efficienza-energetica\/lettera-e\/energy-performance-contract-epc.html#:~:text=Per%20contratto%20EPC%20(Energy%20Performance,misura%20di%20miglioramento%20dell%27efficienza\" rel=\" noopener\" target=\"_blank\" title=\"Energy Performance Contract\">Energieleistungsvertrags (E.P.C.)<\/a>. Bei diesem Modell finanziert Alperia den Eingriff, w\u00e4hrend der Kunde die Vorteile genie\u00dft, indem er nur f\u00fcr die tats\u00e4chlich erzielten Energieeinsparungen bezahlt.&nbsp;<\/p>\n\n<p>Mit diesem Modell war Beltrame in der Lage, die Brenner f\u00fcr die Beheizung der Gie\u00dfpfannen zu modernisieren und das fortschrittliche Steuerungssystem <a href=\"https:\/\/www.alperia.eu\/de\/alperia-sybil-industrial\" rel=\" noopener\" target=\"_blank\" title=\"Alperia Sybil Industrial\">Alperia Sybil Industrial<\/a> zur Optimierung der Walzprozesse zu implementieren. Alperia \u00fcbernahm die Finanzierung der Projekte, wodurch die Energieeffizienz des Produktionsprozesses erh\u00f6ht wurde.<\/p>\n\n<blockquote>\n<p>\u201e<em>Ein energieintensives Unternehmen wie das unsere muss sich verpflichten, seine Auswirkungen durch Ma\u00dfnahmen zur Senkung des Verbrauchs und der Emissionen auszugleichen\u201c, <\/em>so Gianmaria Zanni, AFV Beltrames Energy and Decarbonisation Manager.<em> \u201eDies ist die Philosophie von Beltrame Group, und diese Philosophie wird das von mir geleitete Team in Zusammenarbeit mit Partnern wie Alperia in den kommenden Jahren mit gro\u00dfem Einsatz fortf\u00fchren.\u201c<\/em>&nbsp;<\/p>\n<\/blockquote>\n\t\t\t\t\t\t\t\t<\/div>\n\t\t\t\t<\/div>\n\t\t\t\t\t<\/div>\n\t\t\t\t<\/div>\n\t\t\t\t<\/div>\n\t\t\t\t\t<\/div>\n\t\t\t\t<\/div>\n\t\t\t\t<\/div>\n\t\t","protected":false},"excerpt":{"rendered":"<p>Case History: Beltrame will CO2-Emissionen um 40 % reduzieren.<\/p>\n<p>Immer mehr Privatunternehmen stellen sich der Herausforderung, die CO2-Emissionen zu reduzieren, um eine gr\u00f6\u00dfere \u00f6kologische Nachhaltigkeit im Einklang mit dem Ziel der Europ\u00e4ischen Union zu erreichen, u. zw. bis 2050 klimaneutral zu sein.<\/p>\n","protected":false},"author":1,"featured_media":17282,"comment_status":"closed","ping_status":"closed","sticky":false,"template":"elementor_theme","format":"standard","meta":{"_acf_changed":false,"footnotes":""},"categories":[41],"tags":[],"class_list":["post-7313","post","type-post","status-publish","format-standard","has-post-thumbnail","hentry","category-stories-de"],"acf":[],"featured_image_src":"https:\/\/www.alperia.eu\/wp-content\/uploads\/2023\/06\/0028_decarbonizzazione-web-150x150.jpg","_links":{"self":[{"href":"https:\/\/www.alperia.eu\/de\/wp-json\/wp\/v2\/posts\/7313","targetHints":{"allow":["GET"]}}],"collection":[{"href":"https:\/\/www.alperia.eu\/de\/wp-json\/wp\/v2\/posts"}],"about":[{"href":"https:\/\/www.alperia.eu\/de\/wp-json\/wp\/v2\/types\/post"}],"author":[{"embeddable":true,"href":"https:\/\/www.alperia.eu\/de\/wp-json\/wp\/v2\/users\/1"}],"replies":[{"embeddable":true,"href":"https:\/\/www.alperia.eu\/de\/wp-json\/wp\/v2\/comments?post=7313"}],"version-history":[{"count":15,"href":"https:\/\/www.alperia.eu\/de\/wp-json\/wp\/v2\/posts\/7313\/revisions"}],"predecessor-version":[{"id":19711,"href":"https:\/\/www.alperia.eu\/de\/wp-json\/wp\/v2\/posts\/7313\/revisions\/19711"}],"wp:featuredmedia":[{"embeddable":true,"href":"https:\/\/www.alperia.eu\/de\/wp-json\/wp\/v2\/media\/17282"}],"wp:attachment":[{"href":"https:\/\/www.alperia.eu\/de\/wp-json\/wp\/v2\/media?parent=7313"}],"wp:term":[{"taxonomy":"category","embeddable":true,"href":"https:\/\/www.alperia.eu\/de\/wp-json\/wp\/v2\/categories?post=7313"},{"taxonomy":"post_tag","embeddable":true,"href":"https:\/\/www.alperia.eu\/de\/wp-json\/wp\/v2\/tags?post=7313"}],"curies":[{"name":"wp","href":"https:\/\/api.w.org\/{rel}","templated":true}]}}