{"id":7336,"date":"2023-03-14T11:20:41","date_gmt":"2023-03-14T10:20:41","guid":{"rendered":"https:\/\/www.alperia.eu\/diversity-management-riconoscere-le-differenze-e-gestirle-attivamente\/"},"modified":"2024-09-18T11:11:54","modified_gmt":"2024-09-18T09:11:54","slug":"diversitaetsmanagement-unterschiede-anerkennen-und-aktiv-managen","status":"publish","type":"post","link":"https:\/\/www.alperia.eu\/de\/diversitaetsmanagement-unterschiede-anerkennen-und-aktiv-managen\/","title":{"rendered":"Diversit\u00e4tsmanagement: Unterschiede anerkennen und aktiv managen"},"content":{"rendered":"\t\t<div data-elementor-type=\"wp-post\" data-elementor-id=\"7336\" class=\"elementor elementor-7336 elementor-6327\" data-elementor-post-type=\"post\">\n\t\t\t\t<div class=\"elementor-element elementor-element-4a3abb37 e-con-full section-image e-flex e-con e-parent\" data-id=\"4a3abb37\" data-element_type=\"container\">\n\t\t\t\t<div class=\"elementor-element elementor-element-58d03aea elementor-widget__width-inherit elementor-widget elementor-widget-theme-post-featured-image elementor-widget-image\" data-id=\"58d03aea\" data-element_type=\"widget\" data-widget_type=\"theme-post-featured-image.default\">\n\t\t\t\t<div class=\"elementor-widget-container\">\n\t\t\t\t\t\t\t\t\t\t\t\t\t\t\t<img fetchpriority=\"high\" decoding=\"async\" width=\"600\" height=\"369\" src=\"https:\/\/www.alperia.eu\/wp-content\/uploads\/2024\/05\/Diversity-policy-web.jpg\" class=\"attachment-full size-full wp-image-6329\" alt=\"Diversity policy\" srcset=\"https:\/\/www.alperia.eu\/wp-content\/uploads\/2024\/05\/Diversity-policy-web.jpg 600w, https:\/\/www.alperia.eu\/wp-content\/uploads\/2024\/05\/Diversity-policy-web-300x185.jpg 300w\" sizes=\"(max-width: 600px) 100vw, 600px\" \/>\t\t\t\t\t\t\t\t\t\t\t\t\t\t\t<\/div>\n\t\t\t\t<\/div>\n\t\t\t\t<\/div>\n\t\t<div class=\"elementor-element elementor-element-6c296a66 e-flex e-con-boxed e-con e-parent\" data-id=\"6c296a66\" data-element_type=\"container\">\n\t\t\t\t\t<div class=\"e-con-inner\">\n\t\t<div class=\"elementor-element elementor-element-53a3ffe3 e-con-full block-main-content e-flex e-con e-child\" data-id=\"53a3ffe3\" data-element_type=\"container\">\n\t\t<div class=\"elementor-element elementor-element-34bdc2c7 e-flex e-con-boxed e-con e-child\" data-id=\"34bdc2c7\" data-element_type=\"container\">\n\t\t\t\t\t<div class=\"e-con-inner\">\n\t\t\t\t<div class=\"elementor-element elementor-element-6be4b5e9 elementor-widget__width-inherit elementor-hidden-desktop elementor-hidden-tablet elementor-widget elementor-widget-theme-post-featured-image elementor-widget-image\" data-id=\"6be4b5e9\" data-element_type=\"widget\" data-widget_type=\"theme-post-featured-image.default\">\n\t\t\t\t<div class=\"elementor-widget-container\">\n\t\t\t\t\t\t\t\t\t\t\t\t\t\t\t<img fetchpriority=\"high\" decoding=\"async\" width=\"600\" height=\"369\" src=\"https:\/\/www.alperia.eu\/wp-content\/uploads\/2024\/05\/Diversity-policy-web.jpg\" class=\"attachment-full size-full wp-image-6329\" alt=\"Diversity policy\" srcset=\"https:\/\/www.alperia.eu\/wp-content\/uploads\/2024\/05\/Diversity-policy-web.jpg 600w, https:\/\/www.alperia.eu\/wp-content\/uploads\/2024\/05\/Diversity-policy-web-300x185.jpg 300w\" sizes=\"(max-width: 600px) 100vw, 600px\" \/>\t\t\t\t\t\t\t\t\t\t\t\t\t\t\t<\/div>\n\t\t\t\t<\/div>\n\t\t\t\t<div class=\"elementor-element elementor-element-c661ebb elementor-widget elementor-widget-text-editor\" data-id=\"c661ebb\" data-element_type=\"widget\" data-widget_type=\"text-editor.default\">\n\t\t\t\t<div class=\"elementor-widget-container\">\n\t\t\t\t\t\t\t\t\t<p><strong>Es gibt einen unerl\u00e4sslichen Faktor, den alle Unternehmen weltweit gemeinsam haben: die Menschen. Unternehmen, die die Vielf\u00e4ltigkeit ihrer Mitarbeiter zu interpretieren und wertzusch\u00e4tzen wissen, werden einen Vorteil gegen\u00fcber den anderen haben.&nbsp;&nbsp;<\/strong><\/p>\n\n<p>Der Begriff \u201eDiversit\u00e4tsmanagement\u201c bezieht sich auf eine ganze Reihe von Praktiken und Unternehmensstrategien, die darauf abgezielt sind, <strong>Vielfalt und Inklusion innerhalb eines Arbeitsumfelds aufzuwerten <\/strong>und somit die Integration und die gegenseitige Durchdringung der verschiedenen Orientierungen und kulturell-geografischen Backgrounds der Mitarbeiter zu f\u00f6rdern.&nbsp;<\/p>\n\n<p>Es handelt sich um einen zunehmend verbreiteten Ansatz beim Management von Organisationsprozessen, der darauf ausgerichtet ist, <strong>Diskriminierung zu verhindern und das Wohlbefinden am Arbeitsplatz zu f\u00f6rdern<\/strong>, indem den Risiken entgegengewirkt wird, die sich aus Vorurteilen, Stereotypen und Ausgrenzungsmechanismen gegen\u00fcber Personen ergeben, die Minderheitengruppen angeh\u00f6ren oder verletzlich sind.\u202f&nbsp;<\/p>\n\n<p>Die Akzeptanz und Wertsch\u00e4tzung von Vielfalt sind nicht nur aus ethischer Sicht wichtig, sondern <strong>auch f\u00fcr das Unternehmen<\/strong> selbst und repr\u00e4sentieren <strong>eine St\u00e4rke<\/strong>: Sie k\u00f6nnen seine Erfolgschancen erh\u00f6hen, indem <strong>Produktivit\u00e4t, Innovation und Wettbewerbsf\u00e4higkeit<\/strong> gesteigert werden. &nbsp;<\/p>\n\n<p>In einem Arbeitsumfeld, in dem sich alle wohl f\u00fchlen und frei sind, ihre Einzigartigkeit und ihr Potential zum Ausdruck zu bringen, arbeiten n\u00e4mlich Mitarbeiter besser und st\u00e4rken auch ihre Effizienz und Innovationsf\u00e4higkeit.&nbsp;&nbsp;<\/p>\n\n<p>Im Hinblick auf die Wettbewerbsf\u00e4higkeit bringt eine diversifizierte Belegschaft <strong>eine breite Vielfalt an Perspektiven, Ideen und Kompetenzen<\/strong> ein und repr\u00e4sentiert so besser die zahlreichen Interessengruppen, an die sich das Unternehmen wendet, das somit in der Lage ist, mit seinem Angebot den tats\u00e4chlichen Marktbed\u00fcrfnissen zu entsprechen.&nbsp;<\/p>\n\t\t\t\t\t\t\t\t<\/div>\n\t\t\t\t<\/div>\n\t\t\t\t<div class=\"elementor-element elementor-element-453e2dc elementor-widget elementor-widget-video\" data-id=\"453e2dc\" data-element_type=\"widget\" data-settings=\"{&quot;youtube_url&quot;:&quot;https:\\\/\\\/youtu.be\\\/gYSDUI-S4Ss&quot;,&quot;video_type&quot;:&quot;youtube&quot;,&quot;controls&quot;:&quot;yes&quot;}\" data-widget_type=\"video.default\">\n\t\t\t\t<div class=\"elementor-widget-container\">\n\t\t\t\t\t\t\t<div class=\"elementor-wrapper elementor-open-inline\">\n\t\t\t<div class=\"elementor-video\"><\/div>\t\t<\/div>\n\t\t\t\t\t\t<\/div>\n\t\t\t\t<\/div>\n\t\t\t\t<div class=\"elementor-element elementor-element-8dcbe71 elementor-widget elementor-widget-text-editor\" data-id=\"8dcbe71\" data-element_type=\"widget\" data-widget_type=\"text-editor.default\">\n\t\t\t\t<div class=\"elementor-widget-container\">\n\t\t\t\t\t\t\t\t\t<p><strong>Diversity Policy<\/strong> <strong>bei Alperia<\/strong>&nbsp;<\/p>\n\n<p>Bei einem Unternehmen wie Alperia, das f\u00fcr die Erzeugung von Energie aus erneuerbaren Quellen und die angebotenen Energiedienstleistungen rund 1.200 Mitarbeiter besch\u00e4ftigt, ist der <strong>Umgang<\/strong> <strong>mit Unterschieden eine komplexe Aufgabe<\/strong>. In diesem Zusammenhang hat Alperia im Jahr 2021 eine Diversity -Managerin ernannt, die Ma\u00dfnahmen zur F\u00f6rderung der Vielf\u00e4ltigkeit der Humanressourcen der Gruppe in die Wege geleitet hat und somit diese Komplexit\u00e4t in eine Chance zu verwandeln wusste.&nbsp;&nbsp;<\/p>\n\n<p><em>\u201eDas Ziel ist, die Vielfalt in all ihren Dimensionen (Alter, Geschlecht, kultureller Hintergrund, Religion, F\u00e4higkeiten und Behinderungen, sexuelle Orientierung und Identit\u00e4t) in die t\u00e4glichen T\u00e4tigkeiten zu integrieren, da sie die Grundlage ist, auf der eine echte Gleichberechtigung aufgebaut werden kann\u201c, <\/em>erkl\u00e4rt Daniela Gufler, Corporate HR &amp; Organisation People &amp; Organisation und seit 2021 <strong>Diversity Manager f\u00fcr Alperia<\/strong><em>.&nbsp;<\/em>&nbsp;<\/p>\n\n<p>\u201e<em>Wir arbeiten daran, in K\u00fcrze eine Policy zu ver\u00f6ffentlichen, die h\u00f6chste <\/em><strong><em>Transparenz<\/em><\/strong><em> hinsichtlich der von Alperia angestrebten Ziele gew\u00e4hrleisten soll. Wir haben jedoch bereits verschiedene Ma\u00dfnahmen durchgef\u00fchrt, um die Vielfalt <\/em><strong><em>sichtbar zu machen<\/em><\/strong><em> und die Mitarbeiter f\u00fcr das Thema durch Workshops und Schulungskurse zu <\/em><strong><em>sensibilisieren<\/em><\/strong>.\u201d&nbsp;&nbsp;<\/p>\n\n<p>&nbsp;Alperia hat z. B. ein \u201e<strong>Mentoring-Programm<\/strong>\u201c f\u00fcr den Umgang mit der <strong>Vielfalt zwischen den Generationen<\/strong> ausgearbeitet: eine Reihe von Treffen zwischen erfahrenen Verantwortlichen (Mentoren) und Junior-Mitarbeitern (Mentees), bei denen ein gegenseitiger Austausch von Kompetenzen stattfindet, der eine pers\u00f6nliche Entfaltung und die St\u00e4rkung des betrieblichen Know-hows erm\u00f6glicht.&nbsp;&nbsp;<\/p>\n\n<p>Und das ist doch nicht alles: Mit dem Ziel, <strong>die sprachlichen und kulturellen Barrieren<\/strong> unter den Mitarbeitern zu <strong>\u00fcberbr\u00fccken<\/strong>, bietet Alperia Sprachkurse und f\u00f6rdert das Sprachtandem, d.\u202fh. Treffen zwischen Mitarbeitern, die eine neue Sprache im Gespr\u00e4ch mit einem\/r muttersprachlichen Kollegen\/in erlernen m\u00f6chten. &nbsp;<\/p>\n\n<p>&nbsp;Aber vor allem f\u00f6rdert Alperia das <strong>Empowerment<\/strong> <strong>und das berufliche Wachstum des weiblichen Personals im Betrieb<\/strong> durch <strong>Ausbildungsg\u00e4nge <\/strong>(in Zusammenarbeit mit dem Verein <strong>Valore D<\/strong>, der sich f\u00fcr die F\u00f6rderung eines ausgewogenen Geschlechterverh\u00e4ltnisses und einer inklusiven Kultur innerhalb von Unternehmen einsetzt), <strong>Ma\u00dfnahmen zur Vereinbarkeit von Berufs- und Privatleben, <\/strong><strong>flexible Arbeitszeiten, Elternurlaub<\/strong> und Instrumente zur <strong>Unterst\u00fctzung der Elternschaft<\/strong> wie z. B. Beitr\u00e4ge f\u00fcr Kindertagesst\u00e4tten.&nbsp;<\/p>\n\n<p>Mit dem Ziel, eine Chancengleichheit in allen T\u00e4tigkeiten zu erreichen, investiert Alperia landesweit in die Zusammenarbeit mit Universit\u00e4ten und Oberschulen, um <strong>immer mehr Frauen auch f\u00fcr technische Berufe zu gewinnen<\/strong>.&nbsp;&nbsp;<\/p>\n\n<p>&nbsp;<em>\u201e2022 haben wir die <\/em><strong><em>Kommission f\u00fcr Chancengleichheit<\/em><\/strong><em> eingerichtet, die aus 8 Mitgliedern besteht, die je zur H\u00e4lfte von Alperia und von den Gewerkschaftsorganisationen ernannt werden, und mit der wir uns noch wirksamer f\u00fcr die Verhinderung von Diskriminierung, die F\u00f6rderung von Vielfalt und Integration und die \u00dcberwachung der verschiedenen Ma\u00dfnahmen engagieren k\u00f6nnen&#8220;, schlie\u00dft Daniela Gufler.&nbsp;<\/em>&nbsp;<\/p>\n\t\t\t\t\t\t\t\t<\/div>\n\t\t\t\t<\/div>\n\t\t\t\t\t<\/div>\n\t\t\t\t<\/div>\n\t\t\t\t<\/div>\n\t\t\t\t\t<\/div>\n\t\t\t\t<\/div>\n\t\t\t\t<\/div>\n\t\t","protected":false},"excerpt":{"rendered":"<p>Es gibt einen unerl\u00e4sslichen Faktor, den alle Unternehmen weltweit gemeinsam haben: die Menschen. Unternehmen, die die Vielf\u00e4ltigkeit ihrer Mitarbeiter zu interpretieren und wertzusch\u00e4tzen wissen, werden einen Vorteil gegen\u00fcber den anderen haben.\u00a0<\/p>\n","protected":false},"author":1,"featured_media":6329,"comment_status":"closed","ping_status":"closed","sticky":false,"template":"elementor_theme","format":"standard","meta":{"_acf_changed":false,"footnotes":""},"categories":[],"tags":[],"class_list":["post-7336","post","type-post","status-publish","format-standard","has-post-thumbnail","hentry"],"acf":[],"featured_image_src":"https:\/\/www.alperia.eu\/wp-content\/uploads\/2024\/05\/Diversity-policy-web-150x150.jpg","_links":{"self":[{"href":"https:\/\/www.alperia.eu\/de\/wp-json\/wp\/v2\/posts\/7336","targetHints":{"allow":["GET"]}}],"collection":[{"href":"https:\/\/www.alperia.eu\/de\/wp-json\/wp\/v2\/posts"}],"about":[{"href":"https:\/\/www.alperia.eu\/de\/wp-json\/wp\/v2\/types\/post"}],"author":[{"embeddable":true,"href":"https:\/\/www.alperia.eu\/de\/wp-json\/wp\/v2\/users\/1"}],"replies":[{"embeddable":true,"href":"https:\/\/www.alperia.eu\/de\/wp-json\/wp\/v2\/comments?post=7336"}],"version-history":[{"count":15,"href":"https:\/\/www.alperia.eu\/de\/wp-json\/wp\/v2\/posts\/7336\/revisions"}],"predecessor-version":[{"id":19734,"href":"https:\/\/www.alperia.eu\/de\/wp-json\/wp\/v2\/posts\/7336\/revisions\/19734"}],"wp:featuredmedia":[{"embeddable":true,"href":"https:\/\/www.alperia.eu\/de\/wp-json\/wp\/v2\/media\/6329"}],"wp:attachment":[{"href":"https:\/\/www.alperia.eu\/de\/wp-json\/wp\/v2\/media?parent=7336"}],"wp:term":[{"taxonomy":"category","embeddable":true,"href":"https:\/\/www.alperia.eu\/de\/wp-json\/wp\/v2\/categories?post=7336"},{"taxonomy":"post_tag","embeddable":true,"href":"https:\/\/www.alperia.eu\/de\/wp-json\/wp\/v2\/tags?post=7336"}],"curies":[{"name":"wp","href":"https:\/\/api.w.org\/{rel}","templated":true}]}}