{"id":7584,"date":"2022-10-14T15:19:45","date_gmt":"2022-10-14T13:19:45","guid":{"rendered":"https:\/\/www.alperia.eu\/il-waste-management-in-alperia-dallacquisto-allo-smaltimento\/"},"modified":"2024-09-26T08:56:06","modified_gmt":"2024-09-26T06:56:06","slug":"waste-management-bei-alperia-vom-einkauf-bis-zur-entsorgung","status":"publish","type":"post","link":"https:\/\/www.alperia.eu\/de\/waste-management-bei-alperia-vom-einkauf-bis-zur-entsorgung\/","title":{"rendered":"Waste Management bei Alperia: Vom Einkauf bis zur Entsorgung"},"content":{"rendered":"\t\t<div data-elementor-type=\"wp-post\" data-elementor-id=\"7584\" class=\"elementor elementor-7584 elementor-6683\" data-elementor-post-type=\"post\">\n\t\t\t\t<div class=\"elementor-element elementor-element-7c50fee3 e-con-full section-image e-flex e-con e-parent\" data-id=\"7c50fee3\" data-element_type=\"container\">\n\t\t\t\t<div class=\"elementor-element elementor-element-4e709629 elementor-widget__width-inherit elementor-widget elementor-widget-theme-post-featured-image elementor-widget-image\" data-id=\"4e709629\" data-element_type=\"widget\" data-widget_type=\"theme-post-featured-image.default\">\n\t\t\t\t<div class=\"elementor-widget-container\">\n\t\t\t\t\t\t\t\t\t\t\t\t\t\t\t<img fetchpriority=\"high\" decoding=\"async\" width=\"1217\" height=\"684\" src=\"https:\/\/www.alperia.eu\/wp-content\/uploads\/2024\/05\/Franzensfeste.jpg\" class=\"attachment-full size-full wp-image-6685\" alt=\"Waste Management in Alperia\" srcset=\"https:\/\/www.alperia.eu\/wp-content\/uploads\/2024\/05\/Franzensfeste.jpg 1217w, https:\/\/www.alperia.eu\/wp-content\/uploads\/2024\/05\/Franzensfeste-300x169.jpg 300w, https:\/\/www.alperia.eu\/wp-content\/uploads\/2024\/05\/Franzensfeste-1024x576.jpg 1024w, https:\/\/www.alperia.eu\/wp-content\/uploads\/2024\/05\/Franzensfeste-768x432.jpg 768w\" sizes=\"(max-width: 1217px) 100vw, 1217px\" \/>\t\t\t\t\t\t\t\t\t\t\t\t\t\t\t<\/div>\n\t\t\t\t<\/div>\n\t\t\t\t<\/div>\n\t\t<div class=\"elementor-element elementor-element-18e17707 e-flex e-con-boxed e-con e-parent\" data-id=\"18e17707\" data-element_type=\"container\">\n\t\t\t\t\t<div class=\"e-con-inner\">\n\t\t<div class=\"elementor-element elementor-element-57f4cd40 e-con-full block-main-content e-flex e-con e-child\" data-id=\"57f4cd40\" data-element_type=\"container\">\n\t\t<div class=\"elementor-element elementor-element-110d9432 e-flex e-con-boxed e-con e-child\" data-id=\"110d9432\" data-element_type=\"container\">\n\t\t\t\t\t<div class=\"e-con-inner\">\n\t\t\t\t<div class=\"elementor-element elementor-element-75a160c7 elementor-widget__width-inherit elementor-hidden-desktop elementor-hidden-tablet elementor-widget elementor-widget-theme-post-featured-image elementor-widget-image\" data-id=\"75a160c7\" data-element_type=\"widget\" data-widget_type=\"theme-post-featured-image.default\">\n\t\t\t\t<div class=\"elementor-widget-container\">\n\t\t\t\t\t\t\t\t\t\t\t\t\t\t\t<img fetchpriority=\"high\" decoding=\"async\" width=\"1217\" height=\"684\" src=\"https:\/\/www.alperia.eu\/wp-content\/uploads\/2024\/05\/Franzensfeste.jpg\" class=\"attachment-full size-full wp-image-6685\" alt=\"Waste Management in Alperia\" srcset=\"https:\/\/www.alperia.eu\/wp-content\/uploads\/2024\/05\/Franzensfeste.jpg 1217w, https:\/\/www.alperia.eu\/wp-content\/uploads\/2024\/05\/Franzensfeste-300x169.jpg 300w, https:\/\/www.alperia.eu\/wp-content\/uploads\/2024\/05\/Franzensfeste-1024x576.jpg 1024w, https:\/\/www.alperia.eu\/wp-content\/uploads\/2024\/05\/Franzensfeste-768x432.jpg 768w\" sizes=\"(max-width: 1217px) 100vw, 1217px\" \/>\t\t\t\t\t\t\t\t\t\t\t\t\t\t\t<\/div>\n\t\t\t\t<\/div>\n\t\t\t\t<div class=\"elementor-element elementor-element-39bcdd83 elementor-widget elementor-widget-text-editor\" data-id=\"39bcdd83\" data-element_type=\"widget\" data-widget_type=\"text-editor.default\">\n\t\t\t\t<div class=\"elementor-widget-container\">\n\t\t\t\t\t\t\t\t\t<p><strong>Abf\u00e4lle: Ein Thema, das uns vielleicht nicht gef\u00e4llt, aber uns alle und damit unseren gesamten Planeten \u2013 und unsere Zukunft \u2013 unmittelbar betrifft. Eine Zukunft, die wir heute mit unserem Handeln und Entscheiden gestalten k\u00f6nnen. Lasst uns gemeinsam sehen, wie ein Unternehmen wie Alperia mit seinem Abfall umgeht. Wir haben mit den beiden Schl\u00fcsselpersonen f\u00fcr dieses Thema im Unternehmen gesprochen: Fabio Filippi, Verantwortlicher Waste Management von Alperia (seit 33 Jahren im Betrieb), und Claudio Trentini, Umwelttechniker der Alperia Greenpower, eine Tochetergesellschaft von Alperia, (seit 37 Jahren im Betrieb).<\/strong><\/p>\n\t\t\t\t\t\t\t\t<\/div>\n\t\t\t\t<\/div>\n\t\t\t\t<div class=\"elementor-element elementor-element-6df3537 elementor-widget elementor-widget-video\" data-id=\"6df3537\" data-element_type=\"widget\" data-settings=\"{&quot;youtube_url&quot;:&quot;https:\\\/\\\/youtu.be\\\/0VApLAGRq0M&quot;,&quot;video_type&quot;:&quot;youtube&quot;,&quot;controls&quot;:&quot;yes&quot;}\" data-widget_type=\"video.default\">\n\t\t\t\t<div class=\"elementor-widget-container\">\n\t\t\t\t\t\t\t<div class=\"elementor-wrapper elementor-open-inline\">\n\t\t\t<div class=\"elementor-video\"><\/div>\t\t<\/div>\n\t\t\t\t\t\t<\/div>\n\t\t\t\t<\/div>\n\t\t\t\t<div class=\"elementor-element elementor-element-6181d78 elementor-widget elementor-widget-text-editor\" data-id=\"6181d78\" data-element_type=\"widget\" data-widget_type=\"text-editor.default\">\n\t\t\t\t<div class=\"elementor-widget-container\">\n\t\t\t\t\t\t\t\t\t<p><strong>Was versteht man unter Waste Management?<\/strong><\/p>\n\n<p>Das Waste Management besch\u00e4ftigt sich mit den industriellen Abf\u00e4llen, d. h. es verfolgt den Weg aller Abfallprodukte, die durch die t\u00e4gliche Arbeit in unserer Gruppe anfallen, von deren Entstehung bis zur endg\u00fcltigen Entsorgung. Es verfolgt daher alle Aktivit\u00e4ten, die mit diesem Thema zusammenh\u00e4ngen.<\/p>\n\n<p><strong>Was tun wir bei Alperia in diesem Bereich?<\/strong><\/p>\n\n<p>Wenn wir ein Abfallprodukt oder ein Produkt, das nicht mehr verwendet werden kann, entsorgen wollen oder m\u00fcssen, wird es gem\u00e4\u00df den geltenden Rechtsvorschriften zu (gef\u00e4hrlichem oder nicht gef\u00e4hrlichem) Abfall. Wir klassifizieren diesen durch einen EAK-Code (Europ\u00e4ischer Abfallkatalog), d. h. einen 6-stelligen Zahlencode, z. B. 170405 \u201eEisen\/Stahl; nicht gef\u00e4hrlich\u201c.<\/p>\n\n<p>Wir lagern den Abfall in einem speziellen Zwischenlager f\u00fcr einen Zeitraum bis maximal einem Jahr. Jedes einzelne Unternehmen der Alperia Gruppe, in dem Abf\u00e4lle aus dem normalen Gesch\u00e4ftsbetrieb (Industrieabf\u00e4lle) anfallen, hat ein Abfalllager und einen Abfallbeauftragten. Die Depots werden regelm\u00e4\u00dfig auf die ordnungsgem\u00e4\u00dfe Lagerung \u00fcberpr\u00fcft. Bei Bedarf setzen wir uns mit dem Transportunternehmen und dem Empf\u00e4nger in Verbindung und stellen sicher, dass diese s\u00e4mtliche Voraussetzungen erf\u00fcllen, um die T\u00e4tigkeit vorschriftsm\u00e4\u00dfig durchzuf\u00fchren. All dies muss in einem speziellen Register (nationales Verwaltungsprogramm) festgehalten werden, damit wir den \u00dcberblick \u00fcber alles, was wir produzieren und entsorgen, behalten.<\/p>\n\n<p>Schlie\u00dflich m\u00fcssen wir jedes Jahr das Modell MUD (Modello Unico di Dichiarazione Ambientale) erstellen, das alle Aktivit\u00e4ten des vergangenen Jahres zusammenfasst, und es zur Kontrolle an die Handelskammer Bozen schicken.<\/p>\n\n<p><strong>Welche Arten von Abf\u00e4llen fallen bei uns an?<\/strong><\/p>\n\n<p>Im Betrieb fallen Siedlungs- und Industrieabf\u00e4lle an.<\/p>\n\n<p>Die Siedlungsabf\u00e4lle (Haushaltsabf\u00e4lle) werden im Rahmen von Vertr\u00e4gen bewirtschaftet, die direkt mit den gemeindlichen Betreibern wie SEAB oder Stadtwerke Meran abgeschlossen werden. \u00dcber diese erfolgt die getrennte Sammlung des Abfalls, der bei der t\u00e4glichen B\u00fcroarbeit anf\u00e4llt (Papier, Restm\u00fcll, Biom\u00fcll, Glas). An den Arbeitspl\u00e4tzen befinden sich farbige Beh\u00e4lter f\u00fcr die M\u00fclltrennung.<\/p>\n\n<p>Im Sinne des Umweltschutzes sind unsere Kaffeeautomaten und Wasserspender seit Jahren mit biologisch abbaubaren Bechern und R\u00fchrst\u00e4bchen ausgestattet.<\/p>\n\n<p>Die von uns produzierten Industrieabf\u00e4lle werden als \u201eSonderabf\u00e4lle\u201c bezeichnet, die in gef\u00e4hrliche und nicht gef\u00e4hrliche Abf\u00e4lle eingeteilt werden. Was unsere Wasserkraftwerke betrifft, werden mehr als 30&nbsp;% der Gesamtmenge von den Gittern der Wasserfassungen an den Wehren oder D\u00e4mmen abgefangen. Dabei handelt es sich um Laub, Zweige, Holz und eine geringe Menge Plastik, das in den Fl\u00fcssen mitgef\u00fchrt wird. An den anderen Standorten des Unternehmens fallen Abf\u00e4lle wie Metalle, Verpackungen und \u00d6l an.<\/p>\n\n<p><strong>Was versteht man unter gef\u00e4hrlichen Abf\u00e4llen?<\/strong><\/p>\n\n<p>Abfall wird gef\u00e4hrlich, wenn er haupts\u00e4chlich aus gef\u00e4hrlichen\/umweltbelastenden Stoffen (\u00d6l, L\u00f6sungsmittel, Staub, Gase usw.) besteht oder eine hohe Konzentration davon enth\u00e4lt, die zu Sch\u00e4den f\u00fcr die Umwelt und die menschliche Gesundheit f\u00fchren k\u00f6nnen.<\/p>\n\n<p>F\u00fcr alle gef\u00e4hrlichen Abf\u00e4lle wird eine Charakterisierung durchgef\u00fchrt, d. h. eine klinische Analyse, bei der sie auf nationaler Ebene zertifiziert werden. Normalerweise wird die Charakterisierung eines Abfalls durchgef\u00fchrt, wenn Zweifel hinsichtlich seiner Gef\u00e4hrlichkeit bestehen oder die exakte Konzentration dieser Gef\u00e4hrlichkeit ermittelt werden muss.<\/p>\n\n<p><strong>Wie viele Tonnen Abfall produzieren wir?<\/strong><\/p>\n\n<p>Was unsere Wasserkraftwerke (Daten von 2021) betrifft, \u00fcberschreiten wir 2.100 t. Dabei handelt es sich jedoch um einen variablen Wert, weil ungef\u00e4hr 750 t an den Wasserfassungen gesammelt werden. Ohne Ber\u00fccksichtigung der Wasserkraftwerke produziert die Alperia Gruppe j\u00e4hrlich 1.300 t Abfall, davon 374,52 t gef\u00e4hrliche Abf\u00e4lle.<\/p>\n\n<p>Die Abfallerzeugung wird von den einzelnen Unternehmen auf der Basis von j\u00e4hrlichen Programmen\/Arbeiten kontrolliert. Dies kann sich jedoch erheblich \u00e4ndern, wenn durch die Natur verursachte externe Faktoren und unvorhergesehene St\u00f6rungen eintreten. Wenn es zum Beispiel im Winter viel schneit und eine Leitung besch\u00e4digt wird, dann m\u00fcssen wir Material entsorgen, das eigentlich nicht vorgesehen war. Dies gilt zum Beispiel auch, wenn bei einem Gewitter durch Blitzschlag Umspannwerke zerst\u00f6rt werden usw.<\/p>\n\n<p><strong>Die Entsorgung beginnt mit dem Kauf des Produkts. Was bedeutet das?<\/strong><\/p>\n\n<p>Bereits beim Einkauf versuchen wir, Produkte zu vermeiden, die sch\u00e4dlich sein k\u00f6nnen, und w\u00e4hlen wenn m\u00f6glich weniger gef\u00e4hrliche Produkte oder solche, deren Konzentration eine geringere Gef\u00e4hrlichkeit aufweist. Zum Beispiel biologisch abbaubares dielektrisches \u00d6l, das zwar in der Regel mehr kostet, mit dem wir aber beweisen, dass wir auch zu Beginn des Kreislaufs Wert auf die Umwelt legen.<\/p>\n\t\t\t\t\t\t\t\t<\/div>\n\t\t\t\t<\/div>\n\t\t\t\t<div class=\"elementor-element elementor-element-4fe297c elementor-widget elementor-widget-image\" data-id=\"4fe297c\" data-element_type=\"widget\" data-widget_type=\"image.default\">\n\t\t\t\t<div class=\"elementor-widget-container\">\n\t\t\t\t\t\t\t\t\t\t\t\t\t\t\t<img decoding=\"async\" width=\"800\" height=\"600\" src=\"https:\/\/www.alperia.eu\/wp-content\/uploads\/2022\/10\/20221004_143642_togliere-bottiglie_0-1024x768.jpg\" class=\"attachment-large size-large wp-image-6688\" alt=\"Rifiuti urbani e rifiuti industriali.\" srcset=\"https:\/\/www.alperia.eu\/wp-content\/uploads\/2022\/10\/20221004_143642_togliere-bottiglie_0-1024x768.jpg 1024w, https:\/\/www.alperia.eu\/wp-content\/uploads\/2022\/10\/20221004_143642_togliere-bottiglie_0-300x225.jpg 300w, https:\/\/www.alperia.eu\/wp-content\/uploads\/2022\/10\/20221004_143642_togliere-bottiglie_0-768x576.jpg 768w, https:\/\/www.alperia.eu\/wp-content\/uploads\/2022\/10\/20221004_143642_togliere-bottiglie_0.jpg 1382w\" sizes=\"(max-width: 800px) 100vw, 800px\" \/>\t\t\t\t\t\t\t\t\t\t\t\t\t\t\t<\/div>\n\t\t\t\t<\/div>\n\t\t\t\t<div class=\"elementor-element elementor-element-397bc8f elementor-widget elementor-widget-text-editor\" data-id=\"397bc8f\" data-element_type=\"widget\" data-widget_type=\"text-editor.default\">\n\t\t\t\t<div class=\"elementor-widget-container\">\n\t\t\t\t\t\t\t\t\t<p><strong>Welche Regeln, Beschr\u00e4nkungen, Vorschriften, Gesetze und Kontrollen gibt es?<\/strong><\/p>\n\n<p>Die themenspezifischen Bestimmungen finden sich im Gv.D. Nr. 152 vom 6. April 2006, das auch als Einheitstext im Umweltbereich bekannt ist, und dessen Erweiterungen. Dar\u00fcber hinaus gelten in der Autonomen Provinz Bozen eigene Ausnahmeregelungen.<\/p>\n\n<p>F\u00fcr die Kontrollen sind die Landes\u00e4mter und der NOE (Nucleo Operativo Ecologico) der Carabinieri sowie die Handelskammer zust\u00e4ndig. Wer nach ISO 14001 und EMAS zertifiziert ist, wird regelm\u00e4\u00dfigen Audits unterzogen, in deren Rahmen die Einhaltung der gesetzlichen Bestimmungen gepr\u00fcft wird, und bietet somit h\u00f6here Garantien, was jedoch nicht ausschlie\u00dft, dass die zust\u00e4ndigen Einrichtungen Inspektionen durchf\u00fchren k\u00f6nnen.<\/p>\n\n<p>Und, wie vorhin schon angedeutet, m\u00fcssen wir zudem die sogenannte Abfalljahreserkl\u00e4rung MUD (Modello Unico di Dichiarazione Ambientale) vorlegen; durch diese sind wir verpflichtet, alle im Lauf des Jahrs erzeugten, gelagerten und entsorgten Abf\u00e4lle zu melden. Auch f\u00fchren wir mittels einer speziellen Software ein t\u00e4gliches Abfallregister s\u00e4mtlicher von der Gruppe erzeugten Abf\u00e4lle.<\/p>\n\n<p>Bei einer Missachtung der abfallrechtlichen Bestimmungen sind abgesehen von Bu\u00dfgeldern auch strafrechtliche Verurteilungen bis hin zur Festnahme vorgesehen.<\/p>\n\n<p><strong>Wo lagern wir den M\u00fcll, bevor er von den beauftragten Unternehmen abgeholt wird?<\/strong><\/p>\n\n<p>In der Alperia Gruppe besitzen wir mehrere Standorte f\u00fcr die Lagerung, vorwiegend f\u00fcr die Produktionsgesellschaften wie Alperia Greenpower oder f\u00fcr diejenigen, die in Au\u00dfenbereichen t\u00e4tig sind, wie Edyna. An unserem Edyna Standort in Bozen am Linken Eisackufer befindet sich zum Beispiel ein gro\u00dfes Depot mit drei Lagerbereichen, von denen einer \u00fcberdacht ist und sich zwei im Au\u00dfenbereich befinden. Im Au\u00dfenbereich sind die Lagerbereiche mit gro\u00dfen Metallbeh\u00e4ltern mit Abdeckung (zum Schutz vor Niederschl\u00e4gen) f\u00fcr nicht gef\u00e4hrliche Abf\u00e4lle (z.&nbsp;B. Eisen, Kupfer, Aluminium, Holz, Verpackungen) ausgestattet. Die Bereiche sind abgeschlossen und werden \u00fcberwacht. Im Innenraum werden dagegen in zugelassenen PVC-Beh\u00e4ltern die gef\u00e4hrlichen Abf\u00e4lle gelagert. Die Entsorgungen erfolgen kontinuierlich und regelm\u00e4\u00dfig.<\/p>\n\n<p>Neben diesen beiden gro\u00dfen Lagerst\u00e4tten befinden sich an den vier Betriebsstandorten in Kardaun, Brixen, Lana und Naturns sowie in Kastelbell und Glurns weitere Zwischenlager.<\/p>\n\n<p>F\u00fcr das Zwischenlager in Kardaun haben unsere Kolleginnen und Kollegen einen sympathischen Namen gefunden und nennen es \u201eAbfallboutique\u201c.<\/p>\n\n<p>Die Entsorgung der Asche (aus den Fernheizwerken) wird anders gehandhabt; sie erfolgt stets monatlich in gro\u00dfen Eisenbeh\u00e4ltern. Dabei wird immer ausschlie\u00dflich kalte Asche entsorgt, damit die erneute Z\u00fcndung oder ein Brand w\u00e4hrend des Transports oder des Umf\u00fcllens in andere Beh\u00e4lter vermieden wird.<\/p>\n\n<p><strong>Was ist der letzte Schritt der Entsorgung?<\/strong><\/p>\n\n<p>Vorschriftsm\u00e4\u00dfig hat die Entsorgung zu erfolgen, bevor eine gewisse Menge an Gewicht und Volumen erreicht wird. Wir von der Alperia Gruppe haben beschlossen, die Entsorgung in jedem Fall einmal pro Monat durchzuf\u00fchren, auch wenn diese Grenzen nicht erreicht wurden; mit Ausnahme der Lagerung an den Produktionsstandorten, bei der diese alle drei Monaten durchgef\u00fchrt wird. An einigen Standorten erfolgt die Entsorgung w\u00f6chentlich.<\/p>\n\n<p>Zum Zeitpunkt der Entsorgung wird der Abfallerkennungsschein FIR erstellt, der Formulario di Identificazione dei Rifiuti. Dabei handelt es sich um ein Begleitdokument f\u00fcr den Transport von Abf\u00e4llen, das s\u00e4mtliche Informationen in Bezug auf die Art des Abfalls, den Erzeuger, das Transportunternehmen und den Empf\u00e4nger enth\u00e4lt. Wir verfolgen den Prozess bis zum Schluss, d.&nbsp;h., wir vergewissern uns, dass das Transportunternehmen und das Entsorgungsunternehmen f\u00fcr die Arbeitsschritte berechtigt sind und die Abf\u00e4lle sachgerecht entsorgt werden.<\/p>\n\n<p>Auf der Grundlage einer alle drei Jahre stattfindenden Ausschreibung \u00fcbergeben wir die Abf\u00e4lle Fachunternehmen der Branche, die wertlose Abf\u00e4lle abholen (in diesem Fall zahlen wir einen Preis pro kg), uns aber f\u00fcr andere Abf\u00e4lle (Eisen, Stahl, Kupfer, Papier und Pappe) ihrerseits bezahlen.<\/p>\n\n<p><strong>Was tun wir, um den Abfall zu reduzieren?<\/strong><\/p>\n\n<p>Edyna hat eine Studie \u00fcber zu 90 % biologisch abbaubares dielektrisches \u00d6l abgeschlossen. Mit diesem \u00d6l werden beispielsweise Niederspannungs- und Mittelspannungsmasttransformatoren gef\u00fcllt. Sollte es doch einmal zu einem Auslaufen dieses \u00d6ls kommen, schadet es der Umwelt nicht, da es \u00f6kologisch ist. Wird ein kontrolliertes Ausgangsprodukt genutzt, ist dessen Entsorgung nat\u00fcrlich einfacher. Dar\u00fcber hinaus sind wir das zweite Unternehmen in Italien, das diese \u00d6lsorte verwendet.<\/p>\n\n<p>Eine weitere Ma\u00dfnahme, die wir ergriffen haben, betrifft beispielsweise das Management der Putzt\u00fccher. Das hei\u00dft, anstatt die zur Reinigung von Oberfl\u00e4chen und Teilen von Maschinen genutzten, mit \u00d6l getr\u00e4nkten Putzt\u00fccher zu entsorgen, haben wir ein Unternehmen beauftragt, das die verschmutzten Putzt\u00fccher abholt, sie reinigt und uns saubere Putzt\u00fccher liefert. Dadurch wird die Menge der zu entsorgenden Putzt\u00fccher reduziert.<\/p>\n\n<p>Unsere Gesellschaft Alperia Greenpower ist dabei, Wasserreinigungsanlagen zu installieren, um das Sammelwasser aus den Transformatoren aufzubereiten. Unbehandelt gilt dieses Wasser als Industrieabfall und muss als Abfall entsorgt werden, w\u00e4hrend es, wenn es vor Ort behandelt wird, in die Kanalisation oder direkt in Oberfl\u00e4chengew\u00e4sser eingeleitet werden kann. Dadurch verringert sich die Abfallmenge um mehrere tausend kg.<\/p>\n\n<p>Aber wir achten auch darauf, was wir im B\u00fcro verwenden; ein Gro\u00dfteil der B\u00fcrodokumente wird in digitalen Archiven verwaltet. Dadurch konnten wir die Menge an Papier und Pappe in der Gruppe in den letzten zehn Jahren um 30&nbsp;% reduzieren, von 25 t im Jahr 2010 auf gegenw\u00e4rtig 15 t.<\/p>\n\n<p>Wenn unsere Abteilung Digital &amp; Technology beispielsweise beschlie\u00dft, 500 neue Monitore zu kaufen, weil die alten ersetzt werden m\u00fcssen, wird in den Vertrag eine Klausel eingef\u00fcgt, dass 500 Monitore gekauft werden, jedoch dem Auftragnehmer daf\u00fcr die 500 Altger\u00e4te \u00fcbergeben werden. In diesem Fall gelten die Monitore nicht als Abfall f\u00fcr uns, sondern werden zur\u00fcckgegeben und der Auftragnehmer hat f\u00fcr deren Entsorgung zu sorgen. Der Kauf von Monitoren ist also Teil eines Produktionszyklus.<\/p>\n\n<p><strong>Welche Auswirkungen hat Abfall auf den Klimawandel?<\/strong><\/p>\n\n<p>Abf\u00e4lle wirken sich aufgrund der Absonderung von Giftstoffen auf das \u00d6kosystem aus und dar\u00fcber hinaus auf die globale Erw\u00e4rmung, was vorwiegend darauf zur\u00fcckzuf\u00fchren ist, dass w\u00e4hrend des Abbaus in den Deponien Methan (CH<sub>4<\/sub>) und Distickstoffoxid (N<sub>2<\/sub>O) abgegeben werden, die bei gleicher Masse ein Treibhauspotenzial aufweisen, welches das von Kohlendioxid um das 21- bzw. 310-Fache \u00fcbersteigt (d.&nbsp;h. ein Kilo Distickstoffoxid entspricht 310 kg Kohlendioxid). Weitere Emissionen sind der biologischen Behandlung zuzuschreiben, wie beispielsweise der G\u00e4rung von Kompost, sowie anderen Arten der Verbrennung, bei denen keine Energie gewonnen wird.<\/p>\n\t\t\t\t\t\t\t\t<\/div>\n\t\t\t\t<\/div>\n\t\t\t\t<div class=\"elementor-element elementor-element-5cc60f5 elementor-blockquote--skin-quotation elementor-widget elementor-widget-blockquote\" data-id=\"5cc60f5\" data-element_type=\"widget\" data-widget_type=\"blockquote.default\">\n\t\t\t\t<div class=\"elementor-widget-container\">\n\t\t\t\t\t\t\t<blockquote class=\"elementor-blockquote\">\n\t\t\t<p class=\"elementor-blockquote__content\">\n\t\t\t\tAus diesem Grund kann eine korrekte Abfallbewirtschaftung dazu beitragen, die Emissionen zu verringern\u00a0\u2013 mittels einer Reduzierung der Abfallmenge a priori und dank der konsequenten R\u00fcckgewinnung von Material und Energie infolge des Recyclings von aus der korrekten Abfalltrennung gewonnenen Sekund\u00e4rrohstoffen, womit Prim\u00e4rrohstoffe eingespart werden.\t\t\t<\/p>\n\t\t\t\t\t<\/blockquote>\n\t\t\t\t\t\t<\/div>\n\t\t\t\t<\/div>\n\t\t\t\t\t<\/div>\n\t\t\t\t<\/div>\n\t\t\t\t<\/div>\n\t\t\t\t\t<\/div>\n\t\t\t\t<\/div>\n\t\t\t\t<\/div>\n\t\t","protected":false},"excerpt":{"rendered":"<p>Abf\u00e4lle: Ein Thema, das uns vielleicht nicht gef\u00e4llt, aber uns alle und damit unseren gesamten Planeten \u2013 und unsere Zukunft \u2013 unmittelbar betrifft. Eine korrekte Abfallbewirtschaftung dazu beitragen kann, die Emissionen zu verringern\u00a0\u2013 mittels einer Reduzierung der Abfallmenge a priori und dank der konsequenten R\u00fcckgewinnung von Material und Energie infolge des Recyclings von aus der korrekten Abfalltrennung gewonnenen Sekund\u00e4rrohstoffen, womit Prim\u00e4rrohstoffe eingespart werden.<\/p>\n","protected":false},"author":1,"featured_media":6685,"comment_status":"closed","ping_status":"closed","sticky":false,"template":"elementor_theme","format":"standard","meta":{"_acf_changed":false,"footnotes":""},"categories":[41],"tags":[],"class_list":["post-7584","post","type-post","status-publish","format-standard","has-post-thumbnail","hentry","category-stories-de"],"acf":[],"featured_image_src":"https:\/\/www.alperia.eu\/wp-content\/uploads\/2024\/05\/Franzensfeste-150x150.jpg","_links":{"self":[{"href":"https:\/\/www.alperia.eu\/de\/wp-json\/wp\/v2\/posts\/7584","targetHints":{"allow":["GET"]}}],"collection":[{"href":"https:\/\/www.alperia.eu\/de\/wp-json\/wp\/v2\/posts"}],"about":[{"href":"https:\/\/www.alperia.eu\/de\/wp-json\/wp\/v2\/types\/post"}],"author":[{"embeddable":true,"href":"https:\/\/www.alperia.eu\/de\/wp-json\/wp\/v2\/users\/1"}],"replies":[{"embeddable":true,"href":"https:\/\/www.alperia.eu\/de\/wp-json\/wp\/v2\/comments?post=7584"}],"version-history":[{"count":15,"href":"https:\/\/www.alperia.eu\/de\/wp-json\/wp\/v2\/posts\/7584\/revisions"}],"predecessor-version":[{"id":20017,"href":"https:\/\/www.alperia.eu\/de\/wp-json\/wp\/v2\/posts\/7584\/revisions\/20017"}],"wp:featuredmedia":[{"embeddable":true,"href":"https:\/\/www.alperia.eu\/de\/wp-json\/wp\/v2\/media\/6685"}],"wp:attachment":[{"href":"https:\/\/www.alperia.eu\/de\/wp-json\/wp\/v2\/media?parent=7584"}],"wp:term":[{"taxonomy":"category","embeddable":true,"href":"https:\/\/www.alperia.eu\/de\/wp-json\/wp\/v2\/categories?post=7584"},{"taxonomy":"post_tag","embeddable":true,"href":"https:\/\/www.alperia.eu\/de\/wp-json\/wp\/v2\/tags?post=7584"}],"curies":[{"name":"wp","href":"https:\/\/api.w.org\/{rel}","templated":true}]}}