{"id":7630,"date":"2022-06-22T15:53:34","date_gmt":"2022-06-22T13:53:34","guid":{"rendered":"https:\/\/www.alperia.eu\/stage-in-job-rotation-in-alperia-elisa-e-carlotta-ci-raccontano-la-loro-esperienza\/"},"modified":"2024-12-18T08:59:07","modified_gmt":"2024-12-18T07:59:07","slug":"praktikum-mit-job-rotation-bei-alperia-elisa-und-carlotta-erzaehlen-uns-ihre-erfahrung","status":"publish","type":"post","link":"https:\/\/www.alperia.eu\/de\/praktikum-mit-job-rotation-bei-alperia-elisa-und-carlotta-erzaehlen-uns-ihre-erfahrung\/","title":{"rendered":"Praktikum mit Job Rotation bei Alperia: Elisa und Carlotta erz\u00e4hlen uns ihre Erfahrung"},"content":{"rendered":"\t\t<div data-elementor-type=\"wp-post\" data-elementor-id=\"7630\" class=\"elementor elementor-7630 elementor-6760\" data-elementor-post-type=\"post\">\n\t\t\t\t<div class=\"elementor-element elementor-element-1d271cf e-con-full section-image e-flex e-con e-parent\" data-id=\"1d271cf\" data-element_type=\"container\">\n\t\t\t\t<div class=\"elementor-element elementor-element-2cd2e45f elementor-widget__width-inherit elementor-widget elementor-widget-theme-post-featured-image elementor-widget-image\" data-id=\"2cd2e45f\" data-element_type=\"widget\" data-widget_type=\"theme-post-featured-image.default\">\n\t\t\t\t<div class=\"elementor-widget-container\">\n\t\t\t\t\t\t\t\t\t\t\t\t\t\t\t<img fetchpriority=\"high\" decoding=\"async\" width=\"1920\" height=\"1387\" src=\"https:\/\/www.alperia.eu\/wp-content\/uploads\/2024\/05\/Carlotta-Elisa_0.jpg\" class=\"attachment-full size-full wp-image-6762\" alt=\"Praktikumserfahrung bei Alperia\" srcset=\"https:\/\/www.alperia.eu\/wp-content\/uploads\/2024\/05\/Carlotta-Elisa_0.jpg 1920w, https:\/\/www.alperia.eu\/wp-content\/uploads\/2024\/05\/Carlotta-Elisa_0-300x217.jpg 300w, https:\/\/www.alperia.eu\/wp-content\/uploads\/2024\/05\/Carlotta-Elisa_0-1024x740.jpg 1024w, https:\/\/www.alperia.eu\/wp-content\/uploads\/2024\/05\/Carlotta-Elisa_0-768x555.jpg 768w, https:\/\/www.alperia.eu\/wp-content\/uploads\/2024\/05\/Carlotta-Elisa_0-1536x1110.jpg 1536w\" sizes=\"(max-width: 1920px) 100vw, 1920px\" \/>\t\t\t\t\t\t\t\t\t\t\t\t\t\t\t<\/div>\n\t\t\t\t<\/div>\n\t\t\t\t<\/div>\n\t\t<div class=\"elementor-element elementor-element-6c17b5e3 e-flex e-con-boxed e-con e-parent\" data-id=\"6c17b5e3\" data-element_type=\"container\">\n\t\t\t\t\t<div class=\"e-con-inner\">\n\t\t<div class=\"elementor-element elementor-element-7d81de61 e-con-full block-main-content e-flex e-con e-child\" data-id=\"7d81de61\" data-element_type=\"container\">\n\t\t<div class=\"elementor-element elementor-element-5bfebd1b e-flex e-con-boxed e-con e-child\" data-id=\"5bfebd1b\" data-element_type=\"container\">\n\t\t\t\t\t<div class=\"e-con-inner\">\n\t\t\t\t<div class=\"elementor-element elementor-element-100912ff elementor-widget__width-inherit elementor-hidden-desktop elementor-hidden-tablet elementor-widget elementor-widget-theme-post-featured-image elementor-widget-image\" data-id=\"100912ff\" data-element_type=\"widget\" data-widget_type=\"theme-post-featured-image.default\">\n\t\t\t\t<div class=\"elementor-widget-container\">\n\t\t\t\t\t\t\t\t\t\t\t\t\t\t\t<img fetchpriority=\"high\" decoding=\"async\" width=\"1920\" height=\"1387\" src=\"https:\/\/www.alperia.eu\/wp-content\/uploads\/2024\/05\/Carlotta-Elisa_0.jpg\" class=\"attachment-full size-full wp-image-6762\" alt=\"Praktikumserfahrung bei Alperia\" srcset=\"https:\/\/www.alperia.eu\/wp-content\/uploads\/2024\/05\/Carlotta-Elisa_0.jpg 1920w, https:\/\/www.alperia.eu\/wp-content\/uploads\/2024\/05\/Carlotta-Elisa_0-300x217.jpg 300w, https:\/\/www.alperia.eu\/wp-content\/uploads\/2024\/05\/Carlotta-Elisa_0-1024x740.jpg 1024w, https:\/\/www.alperia.eu\/wp-content\/uploads\/2024\/05\/Carlotta-Elisa_0-768x555.jpg 768w, https:\/\/www.alperia.eu\/wp-content\/uploads\/2024\/05\/Carlotta-Elisa_0-1536x1110.jpg 1536w\" sizes=\"(max-width: 1920px) 100vw, 1920px\" \/>\t\t\t\t\t\t\t\t\t\t\t\t\t\t\t<\/div>\n\t\t\t\t<\/div>\n\t\t\t\t<div class=\"elementor-element elementor-element-34a2d71f elementor-widget elementor-widget-text-editor\" data-id=\"34a2d71f\" data-element_type=\"widget\" data-widget_type=\"text-editor.default\">\n\t\t\t\t<div class=\"elementor-widget-container\">\n\t\t\t\t\t\t\t\t\t<p>Alperia m\u00f6chte mit den angebotenen <strong>Praktika f\u00fcr Sch\u00fclerInnen und StudentInnen<\/strong> die junge Generation unterst\u00fctzen, ihnen diese M\u00f6glichkeit bieten, in die Arbeitswelt reinzuschnuppern.<\/p><p>In diesem Jahr haben wir bis jetzt 14 Sch\u00fclerInnen von S\u00fcdtiroler Oberschulen (deutsch- und italienischsprachige) innerhalb der Alperia Gruppe als Praktikantinnen aufgenommen. Im Herbst werden wir weiteren Sch\u00fclerInnen diese M\u00f6glichkeit geben. Au\u00dferdem werden in diesem Sommer 30 SommerpraktikantInnen (Obersch\u00fclerInnen und Studierende) Arbeitserfahrungen in der Alperia Gruppe sammeln.<\/p><p><strong>Zweiw\u00f6chiges Betriebspraktikum<\/strong><\/p><p>Dieses Jahr gibt es die Neuigkeit der \u201e<strong>Job Rotation<\/strong>\u201c, ein Pilotprojekt, das unser HR Bereich in einigen unserer Gesellschaften anwendet. D.h. die Sch\u00fclerInnen sind nicht fix in einem Bereich, sondern wechseln diesen und somit auch ihre Aufgaben regelm\u00e4\u00dfig. So haben sie die M\u00f6glichkeit, w\u00e4hrend ihres Praktikums verschiedene Welten und den facettenreichen Alltag in einem Unternehmen kennenzulernen, und k\u00f6nnen sich somit ein Bild davon machen, welchen Weg sie f\u00fcr die Zukunft einschlagen wollen.<\/p><p>Diese zweiw\u00f6chigen Betriebspraktika sind Teil des Ausbildungsplans f\u00fcr ein erfolgreiches Abschlie\u00dfen der Schule. Die Jugendlichen suchen sich die Unternehmen selbst aus, kontaktieren diese und sammeln somit erste Erfahrungen in der Arbeitswelt.<\/p><h2><strong>Die Praktikumserfahrung von Elisa und Carlotta<\/strong><\/h2><p>Vor Kurzem haben Elisa und Carlotta ihr <strong>Praktikum in Alperia <\/strong>abgeschlossen. Auch sie haben verschiedene Bereiche kennenlernen d\u00fcrfen, und einen Tag im Bereich Brand &amp; Communication verbracht. Um sich ein realistisches Bild der Arbeitswelt machen zu k\u00f6nnen, wurden sie mit einer konkreten Aufgabe betreut: Sie sollten einen Text \u00fcber ihre Praktikumserfahrung f\u00fcr verschiedenen Kan\u00e4le verfassen, und zwar f\u00fcr das firmeneigene Intranet, f\u00fcr das Magazin auf der Unternehmenswebsite sowie f\u00fcr die Social Medias. Eine praktische \u00dcbung also, bei der sie mit verschiedenen Texttypen arbeiten mussten. Unten k\u00f6nnt ihr diesen Text lesen.<\/p>\t\t\t\t\t\t\t\t<\/div>\n\t\t\t\t<\/div>\n\t\t\t\t<div class=\"elementor-element elementor-element-3470166 elementor-blockquote--skin-quotation elementor-widget elementor-widget-blockquote\" data-id=\"3470166\" data-element_type=\"widget\" data-widget_type=\"blockquote.default\">\n\t\t\t\t<div class=\"elementor-widget-container\">\n\t\t\t\t\t\t\t<blockquote class=\"elementor-blockquote\">\n\t\t\t<p class=\"elementor-blockquote__content\">\n\t\t\t\tElisa und Carlotta erz\u00e4hlen:\n\nWir sind Carlotta und Elisa, zwei Sch\u00fclerinnen des wissenschaftlichen Lyzeums \u201eE. Torricelli\u201c in Bozen, und wir haben zehn Tage als Praktikantinnen in Alperia verbracht.\nDank der \u201eJob Rotation\u201c, einer Methode der Arbeitsorganisation, die es uns erm\u00f6glichte, jeden Tag einen anderen Bereich zu besuchen, von der Verwaltung bis zur Technik, konnten wir uns einen \u00dcberblick \u00fcber die Arbeitsweise des Unternehmens verschaffen.\n\nF\u00fcr uns war es sehr interessant, von einem schulischen Umfeld, in dem wir mit theoretischem Wissen \u00fcberh\u00e4uft werden, in ein Umfeld zu wechseln, in dem dieses Wissen gelebt wird.\nNeben den zahlreichen Arbeitsaktivit\u00e4ten haben wir den Hauptsitz von Alperia in der Zw\u00f6lfmalgreiener Stra\u00dfe besucht sowie den Standort Edyna und haben an einer F\u00fchrung durch das Wasserkraftwerk in T\u00f6ll teilgenommen. Dort konnten wir sehen, wie die physikalischen Prinzipien, die wir in der Schule lernen, in die Praxis umgesetzt werden.\n\nF\u00fcr uns war es \u00fcberraschend zu erleben, dass alle im Unternehmen sehr kooperativ, hilfsbereit und kollegial sind. In den ersten Tagen fiel es uns schwer, unseren Kolleginnen und Kollegen mit \u201eDu\u201c anzusprechen, da wir es gewohnt waren, Lehrpersonen und Menschen, die \u00e4lter als wir sind, mit \u201eSie\u201c anzusprechen; aber das trug dazu bei, dass wir uns als Teil der Alperia Gruppe und uns wohl f\u00fchlten.\n\nDie Zusammenarbeit und Hilfsbereitschaft, die in den Fluren des Unternehmens herrschte, konnten wir auch direkt erleben: Wir wurden vom ersten Moment an sehr gut aufgenommen; alle zeigten Interesse daran, uns eine Erfahrung zu vermitteln, die f\u00fcr die Zukunft n\u00fctzlich sein k\u00f6nnte und aus der wir etwas lernen k\u00f6nnen, und nahmen sich trotz ihrer beruflichen Verpflichtungen Zeit f\u00fcr uns.\n\nWir finden, dass unser Praktikum sehr gut organisiert war, keinen Raum f\u00fcr Langeweile lie\u00df und uns geholfen hat, herauszufinden, welche Bereiche uns am meisten interessieren und f\u00fcr welche wir uns begeistern k\u00f6nnen.\n\nWir sind daher allen, die wir kennengelernt haben, sehr dankbar und m\u00f6chten uns bei Alperia daf\u00fcr bedanken, dass wir diese Erfahrung machen durften!\t\t\t<\/p>\n\t\t\t\t\t<\/blockquote>\n\t\t\t\t\t\t<\/div>\n\t\t\t\t<\/div>\n\t\t\t\t<div class=\"elementor-element elementor-element-b769d17 elementor-widget elementor-widget-text-editor\" data-id=\"b769d17\" data-element_type=\"widget\" data-widget_type=\"text-editor.default\">\n\t\t\t\t<div class=\"elementor-widget-container\">\n\t\t\t\t\t\t\t\t\t<p><em>Die Liste der <a href=\"https:\/\/www.alperiagroup.eu\/de\/karriere\/job-center\" rel=\" noopener\" target=\"_blank\">offenen Stellen<\/a> und die M\u00f6glichkeit, sich spontan zu bewerben: Ihr Traum von einem saubereren Planeten ist auch unserer.<\/em><\/p>\n\t\t\t\t\t\t\t\t<\/div>\n\t\t\t\t<\/div>\n\t\t\t\t\t<\/div>\n\t\t\t\t<\/div>\n\t\t\t\t<\/div>\n\t\t\t\t\t<\/div>\n\t\t\t\t<\/div>\n\t\t\t\t<\/div>\n\t\t","protected":false},"excerpt":{"rendered":"<p>Dieses Jahr gibt es die Neuigkeit der \u201eJob Rotation\u201c, ein Pilotprojekt, das unser HR Bereich in einigen unserer Gesellschaften anwendet. D.h. die Sch\u00fclerInnen sind nicht fix in einem Bereich, sondern wechseln diesen und somit auch ihre Aufgaben regelm\u00e4\u00dfig.<\/p>\n","protected":false},"author":1,"featured_media":6762,"comment_status":"closed","ping_status":"closed","sticky":false,"template":"elementor_theme","format":"standard","meta":{"_acf_changed":false,"footnotes":""},"categories":[35,41],"tags":[],"class_list":["post-7630","post","type-post","status-publish","format-standard","has-post-thumbnail","hentry","category-stories","category-stories-de"],"acf":[],"featured_image_src":"https:\/\/www.alperia.eu\/wp-content\/uploads\/2024\/05\/Carlotta-Elisa_0-150x150.jpg","_links":{"self":[{"href":"https:\/\/www.alperia.eu\/de\/wp-json\/wp\/v2\/posts\/7630","targetHints":{"allow":["GET"]}}],"collection":[{"href":"https:\/\/www.alperia.eu\/de\/wp-json\/wp\/v2\/posts"}],"about":[{"href":"https:\/\/www.alperia.eu\/de\/wp-json\/wp\/v2\/types\/post"}],"author":[{"embeddable":true,"href":"https:\/\/www.alperia.eu\/de\/wp-json\/wp\/v2\/users\/1"}],"replies":[{"embeddable":true,"href":"https:\/\/www.alperia.eu\/de\/wp-json\/wp\/v2\/comments?post=7630"}],"version-history":[{"count":18,"href":"https:\/\/www.alperia.eu\/de\/wp-json\/wp\/v2\/posts\/7630\/revisions"}],"predecessor-version":[{"id":23507,"href":"https:\/\/www.alperia.eu\/de\/wp-json\/wp\/v2\/posts\/7630\/revisions\/23507"}],"wp:featuredmedia":[{"embeddable":true,"href":"https:\/\/www.alperia.eu\/de\/wp-json\/wp\/v2\/media\/6762"}],"wp:attachment":[{"href":"https:\/\/www.alperia.eu\/de\/wp-json\/wp\/v2\/media?parent=7630"}],"wp:term":[{"taxonomy":"category","embeddable":true,"href":"https:\/\/www.alperia.eu\/de\/wp-json\/wp\/v2\/categories?post=7630"},{"taxonomy":"post_tag","embeddable":true,"href":"https:\/\/www.alperia.eu\/de\/wp-json\/wp\/v2\/tags?post=7630"}],"curies":[{"name":"wp","href":"https:\/\/api.w.org\/{rel}","templated":true}]}}