{"id":7927,"date":"2024-04-23T12:48:02","date_gmt":"2024-04-23T10:48:02","guid":{"rendered":"https:\/\/www.alperia.eu\/lo-sapevi-che-10-curiosita-sulle-nostre-centrali\/"},"modified":"2024-09-26T09:00:53","modified_gmt":"2024-09-26T07:00:53","slug":"wussten-sie-dass-10-interessante-dinge-ueber-unsere-kraftwerke","status":"publish","type":"post","link":"https:\/\/www.alperia.eu\/de\/wussten-sie-dass-10-interessante-dinge-ueber-unsere-kraftwerke\/","title":{"rendered":"Wussten Sie, dass&#8230; 10 interessante Dinge \u00fcber unsere Kraftwerke"},"content":{"rendered":"\t\t<div data-elementor-type=\"wp-post\" data-elementor-id=\"7927\" class=\"elementor elementor-7927 elementor-7920\" data-elementor-post-type=\"post\">\n\t\t\t\t<div class=\"elementor-element elementor-element-6d565ad1 e-con-full section-image e-flex e-con e-parent\" data-id=\"6d565ad1\" data-element_type=\"container\">\n\t\t\t\t<div class=\"elementor-element elementor-element-41a00b1e elementor-widget__width-inherit elementor-widget elementor-widget-theme-post-featured-image elementor-widget-image\" data-id=\"41a00b1e\" data-element_type=\"widget\" data-widget_type=\"theme-post-featured-image.default\">\n\t\t\t\t<div class=\"elementor-widget-container\">\n\t\t\t\t\t\t\t\t\t\t\t\t\t\t\t<img fetchpriority=\"high\" decoding=\"async\" width=\"1920\" height=\"1080\" src=\"https:\/\/www.alperia.eu\/wp-content\/uploads\/2024\/04\/0054_D5N1220.jpg\" class=\"attachment-full size-full wp-image-17169\" alt=\"Wasserkraftwerk Kardaun\" srcset=\"https:\/\/www.alperia.eu\/wp-content\/uploads\/2024\/04\/0054_D5N1220.jpg 1920w, https:\/\/www.alperia.eu\/wp-content\/uploads\/2024\/04\/0054_D5N1220-300x169.jpg 300w, https:\/\/www.alperia.eu\/wp-content\/uploads\/2024\/04\/0054_D5N1220-1024x576.jpg 1024w, https:\/\/www.alperia.eu\/wp-content\/uploads\/2024\/04\/0054_D5N1220-768x432.jpg 768w, https:\/\/www.alperia.eu\/wp-content\/uploads\/2024\/04\/0054_D5N1220-1536x864.jpg 1536w\" sizes=\"(max-width: 1920px) 100vw, 1920px\" \/>\t\t\t\t\t\t\t\t\t\t\t\t\t\t\t<\/div>\n\t\t\t\t<\/div>\n\t\t\t\t<\/div>\n\t\t<div class=\"elementor-element elementor-element-4c5b9a3f e-flex e-con-boxed e-con e-parent\" data-id=\"4c5b9a3f\" data-element_type=\"container\">\n\t\t\t\t\t<div class=\"e-con-inner\">\n\t\t<div class=\"elementor-element elementor-element-10d866a2 e-con-full block-main-content e-flex e-con e-child\" data-id=\"10d866a2\" data-element_type=\"container\">\n\t\t<div class=\"elementor-element elementor-element-51b13426 e-flex e-con-boxed e-con e-child\" data-id=\"51b13426\" data-element_type=\"container\">\n\t\t\t\t\t<div class=\"e-con-inner\">\n\t\t\t\t<div class=\"elementor-element elementor-element-f45f5d elementor-widget__width-inherit elementor-hidden-desktop elementor-hidden-tablet elementor-widget elementor-widget-theme-post-featured-image elementor-widget-image\" data-id=\"f45f5d\" data-element_type=\"widget\" data-widget_type=\"theme-post-featured-image.default\">\n\t\t\t\t<div class=\"elementor-widget-container\">\n\t\t\t\t\t\t\t\t\t\t\t\t\t\t\t<img fetchpriority=\"high\" decoding=\"async\" width=\"1920\" height=\"1080\" src=\"https:\/\/www.alperia.eu\/wp-content\/uploads\/2024\/04\/0054_D5N1220.jpg\" class=\"attachment-full size-full wp-image-17169\" alt=\"Wasserkraftwerk Kardaun\" srcset=\"https:\/\/www.alperia.eu\/wp-content\/uploads\/2024\/04\/0054_D5N1220.jpg 1920w, https:\/\/www.alperia.eu\/wp-content\/uploads\/2024\/04\/0054_D5N1220-300x169.jpg 300w, https:\/\/www.alperia.eu\/wp-content\/uploads\/2024\/04\/0054_D5N1220-1024x576.jpg 1024w, https:\/\/www.alperia.eu\/wp-content\/uploads\/2024\/04\/0054_D5N1220-768x432.jpg 768w, https:\/\/www.alperia.eu\/wp-content\/uploads\/2024\/04\/0054_D5N1220-1536x864.jpg 1536w\" sizes=\"(max-width: 1920px) 100vw, 1920px\" \/>\t\t\t\t\t\t\t\t\t\t\t\t\t\t\t<\/div>\n\t\t\t\t<\/div>\n\t\t\t\t<div class=\"elementor-element elementor-element-300d6d49 elementor-widget elementor-widget-text-editor\" data-id=\"300d6d49\" data-element_type=\"widget\" data-widget_type=\"text-editor.default\">\n\t\t\t\t<div class=\"elementor-widget-container\">\n\t\t\t\t\t\t\t\t\t<p><strong>Alperia erzeugt jedes Jahr in seinen 35 Wasserkraftwerken&nbsp;durchschnittlich 4.000 GWh Strom aus einer sauberen und nachhaltigen Quelle: Wasser. Einige dieser Kraftwerke k\u00f6nnen mit kuriosen Fakten aufwarten.<\/strong><\/p>\n\n<p><em>Wussten Sie, dass\u2026<\/em><\/p>\n\n<p><strong>\u2026 das Kraftwerk Kardaun <\/strong>n\u00f6rdlich von Bozen, das 1907 geplant wurde (die Arbeiten begannen allerdings erst 1926), <strong>zu jener Zeit das gr\u00f6\u00dfte und modernste Kraftwerk Europas war?<\/strong><\/p>\n\n<p>Es entstand in der \u00fcberraschend kurzen Zeit von drei Jahren, in welcher die Strecke zwischen Bozen und Klausen zu einer riesigen Baustelle wurde, auf der bis zu 5.000 Arbeitskr\u00e4fte besch\u00e4ftigt waren. Die endg\u00fcltige Inbetriebnahme der Anlage erfolgte am 15. September 1929. Damals <strong>deckte <\/strong>das Kraftwerk allein<strong> 7&nbsp;% des italienischen Energiebedarfs<\/strong>.<\/p>\n\t\t\t\t\t\t\t\t<\/div>\n\t\t\t\t<\/div>\n\t\t\t\t<div class=\"elementor-element elementor-element-9509a16 elementor-widget elementor-widget-image\" data-id=\"9509a16\" data-element_type=\"widget\" data-widget_type=\"image.default\">\n\t\t\t\t<div class=\"elementor-widget-container\">\n\t\t\t\t\t\t\t\t\t\t\t\t<figure class=\"wp-caption\">\n\t\t\t\t\t\t\t\t\t\t<img decoding=\"async\" width=\"800\" height=\"533\" src=\"https:\/\/www.alperia.eu\/wp-content\/uploads\/2024\/05\/Diga-lago-di-Quaira_web.jpg\" class=\"attachment-large size-large wp-image-5488\" alt=\"Damm Arzkarsee\" srcset=\"https:\/\/www.alperia.eu\/wp-content\/uploads\/2024\/05\/Diga-lago-di-Quaira_web.jpg 1021w, https:\/\/www.alperia.eu\/wp-content\/uploads\/2024\/05\/Diga-lago-di-Quaira_web-300x200.jpg 300w, https:\/\/www.alperia.eu\/wp-content\/uploads\/2024\/05\/Diga-lago-di-Quaira_web-768x511.jpg 768w\" sizes=\"(max-width: 800px) 100vw, 800px\" \/>\t\t\t\t\t\t\t\t\t\t\t<figcaption class=\"widget-image-caption wp-caption-text\">der imposante Staudamm des Arzkarsees in Ultental<\/figcaption>\n\t\t\t\t\t\t\t\t\t\t<\/figure>\n\t\t\t\t\t\t\t\t\t<\/div>\n\t\t\t\t<\/div>\n\t\t\t\t<div class=\"elementor-element elementor-element-91c1627 elementor-widget elementor-widget-text-editor\" data-id=\"91c1627\" data-element_type=\"widget\" data-widget_type=\"text-editor.default\">\n\t\t\t\t<div class=\"elementor-widget-container\">\n\t\t\t\t\t\t\t\t\t<p><em>Wussten Sie, dass\u2026<\/em><\/p>\n\n<p>\u2026 im kurzen Zeitraum von nur zwei Jahrzehnten, zwischen 1949 und 1969, sich das <strong>Ultental<\/strong> in ein echtes \u201e<strong>Tal der Energie\u201c<\/strong> verwandelte?<\/p>\n\n<p>Es wurden <strong>sechs Stauseen<\/strong> angelegt, die <strong>sechs&nbsp;Wasserkraftwerke<\/strong> speisen: Es handelt sich um die Kraftwerke <strong>Wei\u00dfbrunn<\/strong>, <strong>St. Walburg, Kuppelwies, St. Pankraz und Lana<\/strong>, zu denen sich 2014 noch das kleine Restwasserkraftwerk St. Pankraz gesellte. Ein Gro\u00dfteil des 40 km langen Ultentals ist heute von einem ausgedehnten, komplexen Netzwerk aus Stollen, Druckleitungen und Wasserbauten durchzogen. Vom Gr\u00fcnsee, der das erste Kraftwerk in Wei\u00dfbrunn speist, flie\u00dft das Wasser durch die anderen f\u00fcnf Stauseen und die f\u00fcnf Kraftwerke, um <strong>nach einem<\/strong> <strong>Gef\u00e4lle von 2.200 m<\/strong> wieder in den Falschauer Wildbach zur\u00fcckzukehren.<\/p>\n\n<p><em>Wussten Sie, dass\u2026<\/em><\/p>\n\n<p>\u2026 <strong>das Kraftwerk Wei\u00dfbrunn im Ultental vollst\u00e4ndig mit Holz verkleidet ist, damit es mit der nat\u00fcrlichen Umgebung verschmilzt?<\/strong><\/p>\n\n<p>Das Wasser des Kraftwerks flie\u00dft in den gleichnamigen See zur\u00fcck, der als einziger der S\u00fcdtiroler Stauseen von zwei D\u00e4mmen begrenzt wird.<\/p>\n\t\t\t\t\t\t\t\t<\/div>\n\t\t\t\t<\/div>\n\t\t\t\t<div class=\"elementor-element elementor-element-a09efaf elementor-widget elementor-widget-image\" data-id=\"a09efaf\" data-element_type=\"widget\" data-widget_type=\"image.default\">\n\t\t\t\t<div class=\"elementor-widget-container\">\n\t\t\t\t\t\t\t\t\t\t\t\t<figure class=\"wp-caption\">\n\t\t\t\t\t\t\t\t\t\t<img decoding=\"async\" width=\"800\" height=\"534\" src=\"https:\/\/www.alperia.eu\/wp-content\/uploads\/2024\/04\/climb-the-wall_web-1024x683.jpg\" class=\"attachment-large size-large wp-image-5500\" alt=\"climb the wall\" srcset=\"https:\/\/www.alperia.eu\/wp-content\/uploads\/2024\/04\/climb-the-wall_web-1024x683.jpg 1024w, https:\/\/www.alperia.eu\/wp-content\/uploads\/2024\/04\/climb-the-wall_web-300x200.jpg 300w, https:\/\/www.alperia.eu\/wp-content\/uploads\/2024\/04\/climb-the-wall_web-768x512.jpg 768w, https:\/\/www.alperia.eu\/wp-content\/uploads\/2024\/04\/climb-the-wall_web.jpg 1336w\" sizes=\"(max-width: 800px) 100vw, 800px\" \/>\t\t\t\t\t\t\t\t\t\t\t<figcaption class=\"widget-image-caption wp-caption-text\">An der Staumauer von Laas: die erste Kletterwand S\u00fcdtirols<\/figcaption>\n\t\t\t\t\t\t\t\t\t\t<\/figure>\n\t\t\t\t\t\t\t\t\t<\/div>\n\t\t\t\t<\/div>\n\t\t\t\t<div class=\"elementor-element elementor-element-4b5768d elementor-widget elementor-widget-text-editor\" data-id=\"4b5768d\" data-element_type=\"widget\" data-widget_type=\"text-editor.default\">\n\t\t\t\t<div class=\"elementor-widget-container\">\n\t\t\t\t\t\t\t\t\t<p><em>Wussten Sie, dass\u2026<\/em><\/p>\n\n<p>\u2026 am <strong>Staudamm in Laas<\/strong>, Martelltal, <strong>die erste Kletterwand S\u00fcdtirols auf einer Staumauer<\/strong> errichtet wurde, die gleichzeitig die h\u00f6chste k\u00fcnstliche Kletterwand in der Provinz ist?<\/p>\n\n<p>Die Wand wird in Zusammenarbeit mit dem AVS (Alpenverein S\u00fcdtirol) betrieben und bietet <strong>32 Kletterrouten mit unterschiedlichen Schwierigkeitsgraden<\/strong>.&nbsp;Sie ist&nbsp;<strong>von Juni bis September<\/strong>&nbsp;ge\u00f6ffnet. Das ist nur eine von Alperia gef\u00f6rderten Initiativen, um die Kraftwerke und die Produktion von gr\u00fcner Energie f\u00fcr die Bev\u00f6lkerung zug\u00e4nglich zu machen.<\/p>\n\t\t\t\t\t\t\t\t<\/div>\n\t\t\t\t<\/div>\n\t\t\t\t<div class=\"elementor-element elementor-element-c667ce8 elementor-widget elementor-widget-image\" data-id=\"c667ce8\" data-element_type=\"widget\" data-widget_type=\"image.default\">\n\t\t\t\t<div class=\"elementor-widget-container\">\n\t\t\t\t\t\t\t\t\t\t\t\t<figure class=\"wp-caption\">\n\t\t\t\t\t\t\t\t\t\t<img loading=\"lazy\" decoding=\"async\" width=\"800\" height=\"531\" src=\"https:\/\/www.alperia.eu\/wp-content\/uploads\/2024\/04\/reschen_MAR5385-web-1024x680.jpg\" class=\"attachment-large size-large wp-image-5502\" alt=\"Reschensee\" srcset=\"https:\/\/www.alperia.eu\/wp-content\/uploads\/2024\/04\/reschen_MAR5385-web-1024x680.jpg 1024w, https:\/\/www.alperia.eu\/wp-content\/uploads\/2024\/04\/reschen_MAR5385-web-300x199.jpg 300w, https:\/\/www.alperia.eu\/wp-content\/uploads\/2024\/04\/reschen_MAR5385-web-768x510.jpg 768w, https:\/\/www.alperia.eu\/wp-content\/uploads\/2024\/04\/reschen_MAR5385-web.jpg 1480w\" sizes=\"(max-width: 800px) 100vw, 800px\" \/>\t\t\t\t\t\t\t\t\t\t\t<figcaption class=\"widget-image-caption wp-caption-text\">Reschensee<\/figcaption>\n\t\t\t\t\t\t\t\t\t\t<\/figure>\n\t\t\t\t\t\t\t\t\t<\/div>\n\t\t\t\t<\/div>\n\t\t\t\t<div class=\"elementor-element elementor-element-6c44e5a elementor-widget elementor-widget-text-editor\" data-id=\"6c44e5a\" data-element_type=\"widget\" data-widget_type=\"text-editor.default\">\n\t\t\t\t<div class=\"elementor-widget-container\">\n\t\t\t\t\t\t\t\t\t<p><em>Wussten Sie, dass\u2026<\/em><\/p>\n\n<p>\u2026 als die <strong>Staumauer des Reschensees<\/strong>, Herzst\u00fcck der Anlage, bestehend aus den zwei Kraftwerken Glurns und Kastelbell, gebaut wurde, <strong>die beiden D\u00f6rfer Graun und Reschen \u00fcberflutet wurden,<\/strong> <strong>um Platz f\u00fcr den Stausee zu schaffen, und oberhalb des Sees neu aufgebaut wurden<\/strong>?<\/p>\n\n<p>Der ber\u00fchmte Glockenturm von Graun steht noch heute in der Mitte des Sees und zeugt von der Vergangenheit.<\/p>\n\t\t\t\t\t\t\t\t<\/div>\n\t\t\t\t<\/div>\n\t\t\t\t<div class=\"elementor-element elementor-element-ce130a3 elementor-widget elementor-widget-image\" data-id=\"ce130a3\" data-element_type=\"widget\" data-widget_type=\"image.default\">\n\t\t\t\t<div class=\"elementor-widget-container\">\n\t\t\t\t\t\t\t\t\t\t\t\t<figure class=\"wp-caption\">\n\t\t\t\t\t\t\t\t\t\t<img loading=\"lazy\" decoding=\"async\" width=\"800\" height=\"534\" src=\"https:\/\/www.alperia.eu\/wp-content\/uploads\/2024\/04\/Lago-di-Valdaora_web-1024x683.jpg\" class=\"attachment-large size-large wp-image-5504\" alt=\"Olanger Stausee\" srcset=\"https:\/\/www.alperia.eu\/wp-content\/uploads\/2024\/04\/Lago-di-Valdaora_web-1024x683.jpg 1024w, https:\/\/www.alperia.eu\/wp-content\/uploads\/2024\/04\/Lago-di-Valdaora_web-300x200.jpg 300w, https:\/\/www.alperia.eu\/wp-content\/uploads\/2024\/04\/Lago-di-Valdaora_web-768x512.jpg 768w, https:\/\/www.alperia.eu\/wp-content\/uploads\/2024\/04\/Lago-di-Valdaora_web.jpg 1336w\" sizes=\"(max-width: 800px) 100vw, 800px\" \/>\t\t\t\t\t\t\t\t\t\t\t<figcaption class=\"widget-image-caption wp-caption-text\">Der Olangsee und der Kuppeldamm<\/figcaption>\n\t\t\t\t\t\t\t\t\t\t<\/figure>\n\t\t\t\t\t\t\t\t\t<\/div>\n\t\t\t\t<\/div>\n\t\t\t\t<div class=\"elementor-element elementor-element-a6031c5 elementor-widget elementor-widget-text-editor\" data-id=\"a6031c5\" data-element_type=\"widget\" data-widget_type=\"text-editor.default\">\n\t\t\t\t<div class=\"elementor-widget-container\">\n\t\t\t\t\t\t\t\t\t<p>Wussten Sie, dass\u2026<\/p>\n\n<p>\u2026 das<strong> Wasserkraftwerk in Bruneck<\/strong> von der \u201eSociet\u00e0 Idroelettrica Atesina\u201c des Montecatini Konzerns <strong>in nur zwei Jahren<\/strong>, zwischen 1957 und 1959, <strong>errichtet<\/strong> wurde?<\/p>\n\n<p>Das Kraftwerk nahm \u2013 noch ohne den Stausee Olang \u2013 im Juni 1958 nach nur einem Jahr Bauzeit seinen Betrieb auf. Nach Fertigstellung der Staumauer wurde ein Jahr sp\u00e4ter auch das k\u00fcnstliche Staubecken in Betrieb genommen. Die Anlage wies zu jener Zeit <strong>einige \u00e4u\u00dferst innovative Eigenschaften <\/strong>auf, deren wichtigste die Rohrleitung aus Spannbeton war, mit dem ein Teil des Zulaufstollens und die Druckrohrleitung gebaut waren.<\/p>\n\t\t\t\t\t\t\t\t<\/div>\n\t\t\t\t<\/div>\n\t\t\t\t<div class=\"elementor-element elementor-element-892f6b0 elementor-widget elementor-widget-image\" data-id=\"892f6b0\" data-element_type=\"widget\" data-widget_type=\"image.default\">\n\t\t\t\t<div class=\"elementor-widget-container\">\n\t\t\t\t\t\t\t\t\t\t\t\t<figure class=\"wp-caption\">\n\t\t\t\t\t\t\t\t\t\t<img loading=\"lazy\" decoding=\"async\" width=\"800\" height=\"534\" src=\"https:\/\/www.alperia.eu\/wp-content\/uploads\/2024\/04\/Lago-di-Vernago_web-1024x683.jpg\" class=\"attachment-large size-large wp-image-5507\" alt=\"Vernagter Stausee von oben\" srcset=\"https:\/\/www.alperia.eu\/wp-content\/uploads\/2024\/04\/Lago-di-Vernago_web-1024x683.jpg 1024w, https:\/\/www.alperia.eu\/wp-content\/uploads\/2024\/04\/Lago-di-Vernago_web-300x200.jpg 300w, https:\/\/www.alperia.eu\/wp-content\/uploads\/2024\/04\/Lago-di-Vernago_web-768x512.jpg 768w, https:\/\/www.alperia.eu\/wp-content\/uploads\/2024\/04\/Lago-di-Vernago_web.jpg 1313w\" sizes=\"(max-width: 800px) 100vw, 800px\" \/>\t\t\t\t\t\t\t\t\t\t\t<figcaption class=\"widget-image-caption wp-caption-text\">Der Vernagter-See von oben gesehen<\/figcaption>\n\t\t\t\t\t\t\t\t\t\t<\/figure>\n\t\t\t\t\t\t\t\t\t<\/div>\n\t\t\t\t<\/div>\n\t\t\t\t<div class=\"elementor-element elementor-element-46938f4 elementor-widget elementor-widget-text-editor\" data-id=\"46938f4\" data-element_type=\"widget\" data-widget_type=\"text-editor.default\">\n\t\t\t\t<div class=\"elementor-widget-container\">\n\t\t\t\t\t\t\t\t\t<p>Wussten Sie, dass\u2026<\/p>\n\n<p>\u2026 der <strong>Vernagter Stausee<\/strong>, wo sich das Kraftwerk Naturns befindet, der <strong>Ausgangspunkt mehrerer Bergwanderwege ist, von denen der ber\u00fchmteste zum Schnalstaler Gletscher f\u00fchrt, in dessen N\u00e4he 1991 die Mumie von Similaun gefunden wurde, allgemein bekannt als \u00d6tzi?<\/strong><\/p>\n\t\t\t\t\t\t\t\t<\/div>\n\t\t\t\t<\/div>\n\t\t\t\t<div class=\"elementor-element elementor-element-f92147f elementor-widget elementor-widget-image\" data-id=\"f92147f\" data-element_type=\"widget\" data-widget_type=\"image.default\">\n\t\t\t\t<div class=\"elementor-widget-container\">\n\t\t\t\t\t\t\t\t\t\t\t\t<figure class=\"wp-caption\">\n\t\t\t\t\t\t\t\t\t\t<img loading=\"lazy\" decoding=\"async\" width=\"800\" height=\"534\" src=\"https:\/\/www.alperia.eu\/wp-content\/uploads\/2024\/04\/Lappago_web-1024x683.jpg\" class=\"attachment-large size-large wp-image-5509\" alt=\"Der Neves-Staudamm\" srcset=\"https:\/\/www.alperia.eu\/wp-content\/uploads\/2024\/04\/Lappago_web-1024x683.jpg 1024w, https:\/\/www.alperia.eu\/wp-content\/uploads\/2024\/04\/Lappago_web-300x200.jpg 300w, https:\/\/www.alperia.eu\/wp-content\/uploads\/2024\/04\/Lappago_web-768x512.jpg 768w, https:\/\/www.alperia.eu\/wp-content\/uploads\/2024\/04\/Lappago_web.jpg 1336w\" sizes=\"(max-width: 800px) 100vw, 800px\" \/>\t\t\t\t\t\t\t\t\t\t\t<figcaption class=\"widget-image-caption wp-caption-text\">Der Neves-Staudamm und die wundersch\u00f6ne Naturlandschaft des oberen M\u00fchlwaldertals<\/figcaption>\n\t\t\t\t\t\t\t\t\t\t<\/figure>\n\t\t\t\t\t\t\t\t\t<\/div>\n\t\t\t\t<\/div>\n\t\t\t\t<div class=\"elementor-element elementor-element-de4d353 elementor-widget elementor-widget-text-editor\" data-id=\"de4d353\" data-element_type=\"widget\" data-widget_type=\"text-editor.default\">\n\t\t\t\t<div class=\"elementor-widget-container\">\n\t\t\t\t\t\t\t\t\t<p><em>Wussten Sie, dass\u2026<\/em><\/p>\n\n<p>\u2026 die <strong>Kuppelstaumauer vom Neves Stausee<\/strong>, der unser Kraftwerk in Lappach speist, mit <strong>95 m die h\u00f6chste S\u00fcdtirols ist<\/strong>?<\/p>\n\n<p>Dank ihrer besonderen Form kann die Staumauer unter dem Druck von Wasser und Eis elastisch bleiben und das gesamte Gewicht auf die seitlichen Talflanken ableiten. Der Stausee hat somit eine Speicherkapazit\u00e4t von mehr als 15.000.000 m<sup>3<\/sup>, so gro\u00df wie 5.000 olympische Schwimmbecken.<\/p>\n\t\t\t\t\t\t\t\t<\/div>\n\t\t\t\t<\/div>\n\t\t\t\t<div class=\"elementor-element elementor-element-b3302a0 elementor-widget elementor-widget-image\" data-id=\"b3302a0\" data-element_type=\"widget\" data-widget_type=\"image.default\">\n\t\t\t\t<div class=\"elementor-widget-container\">\n\t\t\t\t\t\t\t\t\t\t\t\t<figure class=\"wp-caption\">\n\t\t\t\t\t\t\t\t\t\t<img loading=\"lazy\" decoding=\"async\" width=\"800\" height=\"518\" src=\"https:\/\/www.alperia.eu\/wp-content\/uploads\/2024\/04\/Tel-e-Marlengo_web-1024x663.jpg\" class=\"attachment-large size-large wp-image-5511\" alt=\"Werk T\u00f6ll und Marling\" srcset=\"https:\/\/www.alperia.eu\/wp-content\/uploads\/2024\/04\/Tel-e-Marlengo_web-1024x663.jpg 1024w, https:\/\/www.alperia.eu\/wp-content\/uploads\/2024\/04\/Tel-e-Marlengo_web-300x194.jpg 300w, https:\/\/www.alperia.eu\/wp-content\/uploads\/2024\/04\/Tel-e-Marlengo_web-768x497.jpg 768w, https:\/\/www.alperia.eu\/wp-content\/uploads\/2024\/04\/Tel-e-Marlengo_web.jpg 1336w\" sizes=\"(max-width: 800px) 100vw, 800px\" \/>\t\t\t\t\t\t\t\t\t\t\t<figcaption class=\"widget-image-caption wp-caption-text\">Das \u00e4lteste Wasserkraftwerk S\u00fcdtirols<\/figcaption>\n\t\t\t\t\t\t\t\t\t\t<\/figure>\n\t\t\t\t\t\t\t\t\t<\/div>\n\t\t\t\t<\/div>\n\t\t\t\t<div class=\"elementor-element elementor-element-21939fe elementor-widget elementor-widget-text-editor\" data-id=\"21939fe\" data-element_type=\"widget\" data-widget_type=\"text-editor.default\">\n\t\t\t\t<div class=\"elementor-widget-container\">\n\t\t\t\t\t\t\t\t\t<p><em>Wussten Sie, dass\u2026<\/em><\/p>\n\n<p>\u2026 unser <strong>Kraftwerk in T<\/strong><strong>\u00f6<\/strong><strong>ll<\/strong>, das sich zwischen den Gemeinden Partschins und Algund erstreckt, <strong>seit \u00fcber 120 Jahren in Betrieb ist<\/strong>?<\/p>\n\n<p>Sein Bau war f\u00fcr die damalige Zeit ein Pionierprojekt. 1898 wurde das Kraftwerk in Betrieb genommen und <strong>durch die vom Kraftwerk erzeugte Energie gingen in den St\u00e4dten Meran und Bozen erstmals in der Geschichte die Lichter der \u00f6ffentlichen Beleuchtung an und das Ende der Gaslampen war besiegelt<\/strong>.<\/p>\n\n<p>Wussten Sie, dass\u2026<\/p>\n\n<p>\u2026<strong> der Name des M\u00fchlwaldertals<\/strong>, in dem sich das gleichnamige Kraftwerk von Alperia befindet, <strong>von den heute zum Gro\u00dfteil verschwundenen M\u00fchlen kommt, die fr\u00fcher die Wasserl\u00e4ufe des Tals nutzten?<\/strong><\/p>\n\n<p>Zu F\u00fc\u00dfen der Ortschaft M\u00fchlwald bildet der M\u00fchlwalderbach auf 1.140 m \u00fc.d.M. ein k\u00fcnstliches Becken, in dem das Wasser f\u00fcr den Betrieb des Kraftwerks gespeichert wird.<\/p>\n\t\t\t\t\t\t\t\t<\/div>\n\t\t\t\t<\/div>\n\t\t\t\t\t<\/div>\n\t\t\t\t<\/div>\n\t\t\t\t<\/div>\n\t\t\t\t\t<\/div>\n\t\t\t\t<\/div>\n\t\t\t\t<\/div>\n\t\t","protected":false},"excerpt":{"rendered":"<p>Alperia erzeugt jedes Jahr in seinen 35 Wasserkraftwerken ca. 4.000 GWh Strom aus einer sauberen und nachhaltigen Quelle: Wasser. Einige dieser Kraftwerke k\u00f6nnen mit kuriosen Fakten aufwarten.<\/p>\n","protected":false},"author":1,"featured_media":17169,"comment_status":"closed","ping_status":"closed","sticky":false,"template":"elementor_theme","format":"standard","meta":{"_acf_changed":false,"footnotes":""},"categories":[41],"tags":[],"class_list":["post-7927","post","type-post","status-publish","format-standard","has-post-thumbnail","hentry","category-stories-de"],"acf":[],"featured_image_src":"https:\/\/www.alperia.eu\/wp-content\/uploads\/2024\/04\/0054_D5N1220-150x150.jpg","_links":{"self":[{"href":"https:\/\/www.alperia.eu\/de\/wp-json\/wp\/v2\/posts\/7927","targetHints":{"allow":["GET"]}}],"collection":[{"href":"https:\/\/www.alperia.eu\/de\/wp-json\/wp\/v2\/posts"}],"about":[{"href":"https:\/\/www.alperia.eu\/de\/wp-json\/wp\/v2\/types\/post"}],"author":[{"embeddable":true,"href":"https:\/\/www.alperia.eu\/de\/wp-json\/wp\/v2\/users\/1"}],"replies":[{"embeddable":true,"href":"https:\/\/www.alperia.eu\/de\/wp-json\/wp\/v2\/comments?post=7927"}],"version-history":[{"count":24,"href":"https:\/\/www.alperia.eu\/de\/wp-json\/wp\/v2\/posts\/7927\/revisions"}],"predecessor-version":[{"id":20020,"href":"https:\/\/www.alperia.eu\/de\/wp-json\/wp\/v2\/posts\/7927\/revisions\/20020"}],"wp:featuredmedia":[{"embeddable":true,"href":"https:\/\/www.alperia.eu\/de\/wp-json\/wp\/v2\/media\/17169"}],"wp:attachment":[{"href":"https:\/\/www.alperia.eu\/de\/wp-json\/wp\/v2\/media?parent=7927"}],"wp:term":[{"taxonomy":"category","embeddable":true,"href":"https:\/\/www.alperia.eu\/de\/wp-json\/wp\/v2\/categories?post=7927"},{"taxonomy":"post_tag","embeddable":true,"href":"https:\/\/www.alperia.eu\/de\/wp-json\/wp\/v2\/tags?post=7927"}],"curies":[{"name":"wp","href":"https:\/\/api.w.org\/{rel}","templated":true}]}}